{"id":80509,"date":"2020-10-01T16:03:53","date_gmt":"2020-10-01T14:03:53","guid":{"rendered":"https:\/\/creativebd-angouleme.inovawork.net\/?p=80509"},"modified":"2021-04-09T16:05:23","modified_gmt":"2021-04-09T14:05:23","slug":"bucheons-first-diaspora-literary-award","status":"publish","type":"post","link":"https:\/\/creativebd-angouleme.inovawork.net\/en\/news\/bucheons-first-diaspora-literary-award\/","title":{"rendered":"Bucheon\u2019s first Diaspora Literary Award"},"content":{"rendered":"<p>Bucheon, a UNESCO Creative City of Literature in the Republic of Korea, is organizing the first Bucheon Diaspora Literary Award(BUDILIA).<!--more--><\/p>\n<p>The city invites authors, publishers, professors, literature experts, literary organizations and educational institutions from the UNESCO Creative Cities and elsewhere, to submit their novel or translated work in relation to the theme of diaspora, in Korean or English. Through the award, the city ultimately seeks to uplift the spirits of residents and strengthen solidarity and collaboration, especially amidst the current pandemic.<br \/>\nThe award ceremony is foreseen to be held in autumn of 2021, selecting the best author and the best translator, and awarding a prize money of up to 50 million KRW (approximately 42,000 USD).<\/p>\n<p>Interested participants can send their submissions until 30 October 2020\u00a0: <a href=\"https:\/\/docs.google.com\/forms\/d\/e\/1FAIpQLScX_oDX6qRjec6f93FLb3tl3pc3OSzepLEcDAncD0wN1jpnog\/closedform\">https:\/\/docs.google.com\/forms\/d\/e\/1FAIpQLScX_oDX6qRjec6f93FLb3tl3pc3OSzepLEcDAncD0wN1jpnog\/closedform<\/a><\/p>\n","protected":false},"excerpt":{"rendered":"<p>Bucheon, a UNESCO Creative City of Literature in the Republic of Korea, is organizing the first Bucheon Diaspora Literary Award(BUDILIA).<\/p>\n","protected":false},"author":7,"featured_media":80507,"comment_status":"open","ping_status":"open","sticky":false,"template":"","format":"standard","meta":[],"categories":[71],"tags":[],"yoast_head":"<!-- This site is optimized with the Yoast SEO plugin v18.4.1 - https:\/\/yoast.com\/wordpress\/plugins\/seo\/ -->\n<title>Angoul\u00eame Ville Cr\u00e9ative<\/title>\n<meta name=\"description\" content=\"Bucheon\u2019s first Diaspora Literary Award\" \/>\n<meta name=\"robots\" content=\"noindex, follow, max-snippet:-1, max-image-preview:large, max-video-preview:-1\" \/>\n<meta property=\"og:locale\" content=\"en_US\" \/>\n<meta property=\"og:type\" content=\"article\" \/>\n<meta property=\"og:title\" content=\"Angoul\u00eame Ville Cr\u00e9ative\" \/>\n<meta property=\"og:description\" content=\"Bucheon\u2019s first Diaspora Literary Award\" \/>\n<meta property=\"og:url\" content=\"https:\/\/creativebd-angouleme.inovawork.net\/en\/news\/bucheons-first-diaspora-literary-award\/\" \/>\n<meta property=\"og:site_name\" content=\"Angoul\u00eame Ville Cr\u00e9ative\" \/>\n<meta property=\"article:published_time\" content=\"2020-10-01T14:03:53+00:00\" \/>\n<meta property=\"article:modified_time\" content=\"2021-04-09T14:05:23+00:00\" \/>\n<meta property=\"og:image\" content=\"https:\/\/creativebd-angouleme.inovawork.net\/wp-content\/uploads\/2021\/04\/sans-titre.png\" \/>\n\t<meta property=\"og:image:width\" content=\"600\" \/>\n\t<meta property=\"og:image:height\" content=\"900\" \/>\n\t<meta property=\"og:image:type\" content=\"image\/png\" \/>\n<meta name=\"twitter:card\" content=\"summary_large_image\" \/>\n<meta name=\"twitter:label1\" content=\"Written by\" \/>\n\t<meta name=\"twitter:data1\" content=\"Angoul\u00eame Ville Cr\u00e9ative\" \/>\n\t<meta name=\"twitter:label2\" content=\"Est. reading time\" \/>\n\t<meta name=\"twitter:data2\" content=\"1 minute\" \/>\n<script type=\"application\/ld+json\" class=\"yoast-schema-graph\">{\"@context\":\"https:\/\/schema.org\",\"@graph\":[{\"@type\":\"Organization\",\"@id\":\"https:\/\/creativebd-angouleme.inovawork.net\/#organization\",\"name\":\"Mairie d'Angoul\u00eame\",\"url\":\"https:\/\/creativebd-angouleme.inovawork.net\/\",\"sameAs\":[],\"logo\":{\"@type\":\"ImageObject\",\"@id\":\"https:\/\/creativebd-angouleme.inovawork.net\/#logo\",\"inLanguage\":\"en-US\",\"url\":\"https:\/\/creativebd-angouleme.inovawork.net\/wp-content\/uploads\/2019\/12\/logo_angouleme_unesco.jpg\",\"contentUrl\":\"https:\/\/creativebd-angouleme.inovawork.net\/wp-content\/uploads\/2019\/12\/logo_angouleme_unesco.jpg\",\"width\":2079,\"height\":1060,\"caption\":\"Mairie d'Angoul\u00eame\"},\"image\":{\"@id\":\"https:\/\/creativebd-angouleme.inovawork.net\/#logo\"}},{\"@type\":\"WebSite\",\"@id\":\"https:\/\/creativebd-angouleme.inovawork.net\/#website\",\"url\":\"https:\/\/creativebd-angouleme.inovawork.net\/\",\"name\":\"Angoul\u00eame Ville Cr\u00e9ative\",\"description\":\"Angoul\u00eame Ville Cr\u00e9ative de l&#039;UNESCO\",\"publisher\":{\"@id\":\"https:\/\/creativebd-angouleme.inovawork.net\/#organization\"},\"potentialAction\":[{\"@type\":\"SearchAction\",\"target\":{\"@type\":\"EntryPoint\",\"urlTemplate\":\"https:\/\/creativebd-angouleme.inovawork.net\/?s={search_term_string}\"},\"query-input\":\"required name=search_term_string\"}],\"inLanguage\":\"en-US\"},{\"@type\":\"ImageObject\",\"@id\":\"https:\/\/creativebd-angouleme.inovawork.net\/en\/news\/bucheons-first-diaspora-literary-award\/#primaryimage\",\"inLanguage\":\"en-US\",\"url\":\"https:\/\/creativebd-angouleme.inovawork.net\/wp-content\/uploads\/2021\/04\/sans-titre.png\",\"contentUrl\":\"https:\/\/creativebd-angouleme.inovawork.net\/wp-content\/uploads\/2021\/04\/sans-titre.png\",\"width\":600,\"height\":900},{\"@type\":\"WebPage\",\"@id\":\"https:\/\/creativebd-angouleme.inovawork.net\/en\/news\/bucheons-first-diaspora-literary-award\/#webpage\",\"url\":\"https:\/\/creativebd-angouleme.inovawork.net\/en\/news\/bucheons-first-diaspora-literary-award\/\",\"name\":\"Angoul\u00eame Ville Cr\u00e9ative\",\"isPartOf\":{\"@id\":\"https:\/\/creativebd-angouleme.inovawork.net\/#website\"},\"primaryImageOfPage\":{\"@id\":\"https:\/\/creativebd-angouleme.inovawork.net\/en\/news\/bucheons-first-diaspora-literary-award\/#primaryimage\"},\"datePublished\":\"2020-10-01T14:03:53+00:00\",\"dateModified\":\"2021-04-09T14:05:23+00:00\",\"description\":\"Bucheon\u2019s first Diaspora Literary Award\",\"breadcrumb\":{\"@id\":\"https:\/\/creativebd-angouleme.inovawork.net\/en\/news\/bucheons-first-diaspora-literary-award\/#breadcrumb\"},\"inLanguage\":\"en-US\",\"potentialAction\":[{\"@type\":\"ReadAction\",\"target\":[\"https:\/\/creativebd-angouleme.inovawork.net\/en\/news\/bucheons-first-diaspora-literary-award\/\"]}]},{\"@type\":\"BreadcrumbList\",\"@id\":\"https:\/\/creativebd-angouleme.inovawork.net\/en\/news\/bucheons-first-diaspora-literary-award\/#breadcrumb\",\"itemListElement\":[{\"@type\":\"ListItem\",\"position\":1,\"name\":\"Accueil\",\"item\":\"https:\/\/creativebd-angouleme.inovawork.net\/en\/\"},{\"@type\":\"ListItem\",\"position\":2,\"name\":\"Actualit\u00e9s\",\"item\":\"https:\/\/creativebd-angouleme.inovawork.net\/category\/actualites\/\"},{\"@type\":\"ListItem\",\"position\":3,\"name\":\"Bucheon\u2019s first Diaspora Literary Award\"}]},{\"@type\":\"Article\",\"@id\":\"https:\/\/creativebd-angouleme.inovawork.net\/en\/news\/bucheons-first-diaspora-literary-award\/#article\",\"isPartOf\":{\"@id\":\"https:\/\/creativebd-angouleme.inovawork.net\/en\/news\/bucheons-first-diaspora-literary-award\/#webpage\"},\"author\":{\"@id\":\"https:\/\/creativebd-angouleme.inovawork.net\/#\/schema\/person\/69be8dd928011ad3dd8ccd87dc7136eb\"},\"headline\":\"Bucheon\u2019s first Diaspora Literary Award\",\"datePublished\":\"2020-10-01T14:03:53+00:00\",\"dateModified\":\"2021-04-09T14:05:23+00:00\",\"mainEntityOfPage\":{\"@id\":\"https:\/\/creativebd-angouleme.inovawork.net\/en\/news\/bucheons-first-diaspora-literary-award\/#webpage\"},\"wordCount\":145,\"commentCount\":0,\"publisher\":{\"@id\":\"https:\/\/creativebd-angouleme.inovawork.net\/#organization\"},\"image\":{\"@id\":\"https:\/\/creativebd-angouleme.inovawork.net\/en\/news\/bucheons-first-diaspora-literary-award\/#primaryimage\"},\"thumbnailUrl\":\"https:\/\/creativebd-angouleme.inovawork.net\/wp-content\/uploads\/2021\/04\/sans-titre.png\",\"articleSection\":[\"News\"],\"inLanguage\":\"en-US\",\"potentialAction\":[{\"@type\":\"CommentAction\",\"name\":\"Comment\",\"target\":[\"https:\/\/creativebd-angouleme.inovawork.net\/en\/news\/bucheons-first-diaspora-literary-award\/#respond\"]}]},{\"@type\":\"Person\",\"@id\":\"https:\/\/creativebd-angouleme.inovawork.net\/#\/schema\/person\/69be8dd928011ad3dd8ccd87dc7136eb\",\"name\":\"Angoul\u00eame Ville Cr\u00e9ative\",\"image\":{\"@type\":\"ImageObject\",\"@id\":\"https:\/\/creativebd-angouleme.inovawork.net\/#personlogo\",\"inLanguage\":\"en-US\",\"url\":\"https:\/\/secure.gravatar.com\/avatar\/6854d893298d69eed2c5192cc3c9cb33?s=96&d=mm&r=g\",\"contentUrl\":\"https:\/\/secure.gravatar.com\/avatar\/6854d893298d69eed2c5192cc3c9cb33?s=96&d=mm&r=g\",\"caption\":\"Angoul\u00eame Ville Cr\u00e9ative\"},\"url\":\"https:\/\/creativebd-angouleme.inovawork.net\/en\/author\/brunov\/\"}]}<\/script>\n<!-- \/ Yoast SEO plugin. -->","yoast_head_json":{"title":"Angoul\u00eame Ville Cr\u00e9ative","description":"Bucheon\u2019s first Diaspora Literary Award","robots":{"index":"noindex","follow":"follow","max-snippet":"max-snippet:-1","max-image-preview":"max-image-preview:large","max-video-preview":"max-video-preview:-1"},"og_locale":"en_US","og_type":"article","og_title":"Angoul\u00eame Ville Cr\u00e9ative","og_description":"Bucheon\u2019s first Diaspora Literary Award","og_url":"https:\/\/creativebd-angouleme.inovawork.net\/en\/news\/bucheons-first-diaspora-literary-award\/","og_site_name":"Angoul\u00eame Ville Cr\u00e9ative","article_published_time":"2020-10-01T14:03:53+00:00","article_modified_time":"2021-04-09T14:05:23+00:00","og_image":[{"width":600,"height":900,"url":"https:\/\/creativebd-angouleme.inovawork.net\/wp-content\/uploads\/2021\/04\/sans-titre.png","type":"image\/png"}],"twitter_card":"summary_large_image","twitter_misc":{"Written by":"Angoul\u00eame Ville Cr\u00e9ative","Est. reading time":"1 minute"},"schema":{"@context":"https:\/\/schema.org","@graph":[{"@type":"Organization","@id":"https:\/\/creativebd-angouleme.inovawork.net\/#organization","name":"Mairie d'Angoul\u00eame","url":"https:\/\/creativebd-angouleme.inovawork.net\/","sameAs":[],"logo":{"@type":"ImageObject","@id":"https:\/\/creativebd-angouleme.inovawork.net\/#logo","inLanguage":"en-US","url":"https:\/\/creativebd-angouleme.inovawork.net\/wp-content\/uploads\/2019\/12\/logo_angouleme_unesco.jpg","contentUrl":"https:\/\/creativebd-angouleme.inovawork.net\/wp-content\/uploads\/2019\/12\/logo_angouleme_unesco.jpg","width":2079,"height":1060,"caption":"Mairie d'Angoul\u00eame"},"image":{"@id":"https:\/\/creativebd-angouleme.inovawork.net\/#logo"}},{"@type":"WebSite","@id":"https:\/\/creativebd-angouleme.inovawork.net\/#website","url":"https:\/\/creativebd-angouleme.inovawork.net\/","name":"Angoul\u00eame Ville Cr\u00e9ative","description":"Angoul\u00eame Ville Cr\u00e9ative de l&#039;UNESCO","publisher":{"@id":"https:\/\/creativebd-angouleme.inovawork.net\/#organization"},"potentialAction":[{"@type":"SearchAction","target":{"@type":"EntryPoint","urlTemplate":"https:\/\/creativebd-angouleme.inovawork.net\/?s={search_term_string}"},"query-input":"required name=search_term_string"}],"inLanguage":"en-US"},{"@type":"ImageObject","@id":"https:\/\/creativebd-angouleme.inovawork.net\/en\/news\/bucheons-first-diaspora-literary-award\/#primaryimage","inLanguage":"en-US","url":"https:\/\/creativebd-angouleme.inovawork.net\/wp-content\/uploads\/2021\/04\/sans-titre.png","contentUrl":"https:\/\/creativebd-angouleme.inovawork.net\/wp-content\/uploads\/2021\/04\/sans-titre.png","width":600,"height":900},{"@type":"WebPage","@id":"https:\/\/creativebd-angouleme.inovawork.net\/en\/news\/bucheons-first-diaspora-literary-award\/#webpage","url":"https:\/\/creativebd-angouleme.inovawork.net\/en\/news\/bucheons-first-diaspora-literary-award\/","name":"Angoul\u00eame Ville Cr\u00e9ative","isPartOf":{"@id":"https:\/\/creativebd-angouleme.inovawork.net\/#website"},"primaryImageOfPage":{"@id":"https:\/\/creativebd-angouleme.inovawork.net\/en\/news\/bucheons-first-diaspora-literary-award\/#primaryimage"},"datePublished":"2020-10-01T14:03:53+00:00","dateModified":"2021-04-09T14:05:23+00:00","description":"Bucheon\u2019s first Diaspora Literary Award","breadcrumb":{"@id":"https:\/\/creativebd-angouleme.inovawork.net\/en\/news\/bucheons-first-diaspora-literary-award\/#breadcrumb"},"inLanguage":"en-US","potentialAction":[{"@type":"ReadAction","target":["https:\/\/creativebd-angouleme.inovawork.net\/en\/news\/bucheons-first-diaspora-literary-award\/"]}]},{"@type":"BreadcrumbList","@id":"https:\/\/creativebd-angouleme.inovawork.net\/en\/news\/bucheons-first-diaspora-literary-award\/#breadcrumb","itemListElement":[{"@type":"ListItem","position":1,"name":"Accueil","item":"https:\/\/creativebd-angouleme.inovawork.net\/en\/"},{"@type":"ListItem","position":2,"name":"Actualit\u00e9s","item":"https:\/\/creativebd-angouleme.inovawork.net\/category\/actualites\/"},{"@type":"ListItem","position":3,"name":"Bucheon\u2019s first Diaspora Literary Award"}]},{"@type":"Article","@id":"https:\/\/creativebd-angouleme.inovawork.net\/en\/news\/bucheons-first-diaspora-literary-award\/#article","isPartOf":{"@id":"https:\/\/creativebd-angouleme.inovawork.net\/en\/news\/bucheons-first-diaspora-literary-award\/#webpage"},"author":{"@id":"https:\/\/creativebd-angouleme.inovawork.net\/#\/schema\/person\/69be8dd928011ad3dd8ccd87dc7136eb"},"headline":"Bucheon\u2019s first Diaspora Literary Award","datePublished":"2020-10-01T14:03:53+00:00","dateModified":"2021-04-09T14:05:23+00:00","mainEntityOfPage":{"@id":"https:\/\/creativebd-angouleme.inovawork.net\/en\/news\/bucheons-first-diaspora-literary-award\/#webpage"},"wordCount":145,"commentCount":0,"publisher":{"@id":"https:\/\/creativebd-angouleme.inovawork.net\/#organization"},"image":{"@id":"https:\/\/creativebd-angouleme.inovawork.net\/en\/news\/bucheons-first-diaspora-literary-award\/#primaryimage"},"thumbnailUrl":"https:\/\/creativebd-angouleme.inovawork.net\/wp-content\/uploads\/2021\/04\/sans-titre.png","articleSection":["News"],"inLanguage":"en-US","potentialAction":[{"@type":"CommentAction","name":"Comment","target":["https:\/\/creativebd-angouleme.inovawork.net\/en\/news\/bucheons-first-diaspora-literary-award\/#respond"]}]},{"@type":"Person","@id":"https:\/\/creativebd-angouleme.inovawork.net\/#\/schema\/person\/69be8dd928011ad3dd8ccd87dc7136eb","name":"Angoul\u00eame Ville Cr\u00e9ative","image":{"@type":"ImageObject","@id":"https:\/\/creativebd-angouleme.inovawork.net\/#personlogo","inLanguage":"en-US","url":"https:\/\/secure.gravatar.com\/avatar\/6854d893298d69eed2c5192cc3c9cb33?s=96&d=mm&r=g","contentUrl":"https:\/\/secure.gravatar.com\/avatar\/6854d893298d69eed2c5192cc3c9cb33?s=96&d=mm&r=g","caption":"Angoul\u00eame Ville Cr\u00e9ative"},"url":"https:\/\/creativebd-angouleme.inovawork.net\/en\/author\/brunov\/"}]}},"_links":{"self":[{"href":"https:\/\/creativebd-angouleme.inovawork.net\/en\/wp-json\/wp\/v2\/posts\/80509"}],"collection":[{"href":"https:\/\/creativebd-angouleme.inovawork.net\/en\/wp-json\/wp\/v2\/posts"}],"about":[{"href":"https:\/\/creativebd-angouleme.inovawork.net\/en\/wp-json\/wp\/v2\/types\/post"}],"author":[{"embeddable":true,"href":"https:\/\/creativebd-angouleme.inovawork.net\/en\/wp-json\/wp\/v2\/users\/7"}],"replies":[{"embeddable":true,"href":"https:\/\/creativebd-angouleme.inovawork.net\/en\/wp-json\/wp\/v2\/comments?post=80509"}],"version-history":[{"count":1,"href":"https:\/\/creativebd-angouleme.inovawork.net\/en\/wp-json\/wp\/v2\/posts\/80509\/revisions"}],"predecessor-version":[{"id":80510,"href":"https:\/\/creativebd-angouleme.inovawork.net\/en\/wp-json\/wp\/v2\/posts\/80509\/revisions\/80510"}],"wp:featuredmedia":[{"embeddable":true,"href":"https:\/\/creativebd-angouleme.inovawork.net\/en\/wp-json\/wp\/v2\/media\/80507"}],"wp:attachment":[{"href":"https:\/\/creativebd-angouleme.inovawork.net\/en\/wp-json\/wp\/v2\/media?parent=80509"}],"wp:term":[{"taxonomy":"category","embeddable":true,"href":"https:\/\/creativebd-angouleme.inovawork.net\/en\/wp-json\/wp\/v2\/categories?post=80509"},{"taxonomy":"post_tag","embeddable":true,"href":"https:\/\/creativebd-angouleme.inovawork.net\/en\/wp-json\/wp\/v2\/tags?post=80509"}],"curies":[{"name":"wp","href":"https:\/\/api.w.org\/{rel}","templated":true}]}}