{"id":80485,"date":"2021-03-20T15:39:34","date_gmt":"2021-03-20T14:39:34","guid":{"rendered":"https:\/\/creativebd-angouleme.inovawork.net\/?p=80485"},"modified":"2021-04-09T15:42:24","modified_gmt":"2021-04-09T13:42:24","slug":"celebration-of-the-french-language","status":"publish","type":"post","link":"https:\/\/creativebd-angouleme.inovawork.net\/en\/news\/celebration-of-the-french-language\/","title":{"rendered":"Celebration of the French Language"},"content":{"rendered":"<p>Angoul\u00eame UNESCO Creative City of Literature celebrates International Francophonie Day.<!--more--><\/p>\n<p>Every year, on March 20th, the International Day of La Francophonie is celebrated around the world. This date refers to the birth, on March 20th, 1970 in Niamey (Niger), of the Agency for Cultural and Technical Cooperation, which was to become the International Organization of La Francophonie.<br \/>\nIn 2021, the Secretary General of La Francophonie wished to include the celebrations of the International Day of La Francophonie under the theme \u201cFrancophone Women, Resilient Women\u201d.<\/p>\n<p>La francophonie echoes throughout the world thanks to culture in all its diversity: cinema, theatre, music et of course literature !<br \/>\nFor the occasion Angoul\u00eame UNESCO creative city\u2019s town hall displays the flag of the Francophonie.<\/p>\n<p>More info:<\/p>\n<ul>\n<li><a href=\"https:\/\/20mars.francophonie.org\/?oaq%5BneLat%5D=59.5343180010956&amp;oaq%5BneLng%5D=-6.416015625&amp;oaq%5BswLat%5D=52.16045455774703&amp;oaq%5BswLng%5D=-57.83203125\">https:\/\/20mars.francophonie.org\/<\/a><\/li>\n<\/ul>\n","protected":false},"excerpt":{"rendered":"<p>Angoul\u00eame UNESCO Creative City of Literature celebrates International Francophonie Day.<\/p>\n","protected":false},"author":7,"featured_media":80483,"comment_status":"open","ping_status":"open","sticky":false,"template":"","format":"standard","meta":[],"categories":[71],"tags":[],"yoast_head":"<!-- This site is optimized with the Yoast SEO plugin v18.4.1 - https:\/\/yoast.com\/wordpress\/plugins\/seo\/ -->\n<title>Angoul\u00eame Ville Cr\u00e9ative<\/title>\n<meta name=\"description\" content=\"Celebration of the French Language\" \/>\n<meta name=\"robots\" content=\"noindex, follow, max-snippet:-1, max-image-preview:large, max-video-preview:-1\" \/>\n<meta property=\"og:locale\" content=\"en_US\" \/>\n<meta property=\"og:type\" content=\"article\" \/>\n<meta property=\"og:title\" content=\"Angoul\u00eame Ville Cr\u00e9ative\" \/>\n<meta property=\"og:description\" content=\"Celebration of the French Language\" \/>\n<meta property=\"og:url\" content=\"https:\/\/creativebd-angouleme.inovawork.net\/en\/news\/celebration-of-the-french-language\/\" \/>\n<meta property=\"og:site_name\" content=\"Angoul\u00eame Ville Cr\u00e9ative\" \/>\n<meta property=\"article:published_time\" content=\"2021-03-20T14:39:34+00:00\" \/>\n<meta property=\"article:modified_time\" content=\"2021-04-09T13:42:24+00:00\" \/>\n<meta property=\"og:image\" content=\"https:\/\/creativebd-angouleme.inovawork.net\/wp-content\/uploads\/2021\/04\/Drapeau-francophonie-HdV-mars-2021-c-Ville-Angouleme.jpg\" \/>\n\t<meta property=\"og:image:width\" content=\"1200\" \/>\n\t<meta property=\"og:image:height\" content=\"1600\" \/>\n\t<meta property=\"og:image:type\" content=\"image\/jpeg\" \/>\n<meta name=\"twitter:card\" content=\"summary_large_image\" \/>\n<meta name=\"twitter:label1\" content=\"Written by\" \/>\n\t<meta name=\"twitter:data1\" content=\"Angoul\u00eame Ville Cr\u00e9ative\" \/>\n\t<meta name=\"twitter:label2\" content=\"Est. reading time\" \/>\n\t<meta name=\"twitter:data2\" content=\"1 minute\" \/>\n<script type=\"application\/ld+json\" class=\"yoast-schema-graph\">{\"@context\":\"https:\/\/schema.org\",\"@graph\":[{\"@type\":\"Organization\",\"@id\":\"https:\/\/creativebd-angouleme.inovawork.net\/#organization\",\"name\":\"Mairie d'Angoul\u00eame\",\"url\":\"https:\/\/creativebd-angouleme.inovawork.net\/\",\"sameAs\":[],\"logo\":{\"@type\":\"ImageObject\",\"@id\":\"https:\/\/creativebd-angouleme.inovawork.net\/#logo\",\"inLanguage\":\"en-US\",\"url\":\"https:\/\/creativebd-angouleme.inovawork.net\/wp-content\/uploads\/2019\/12\/logo_angouleme_unesco.jpg\",\"contentUrl\":\"https:\/\/creativebd-angouleme.inovawork.net\/wp-content\/uploads\/2019\/12\/logo_angouleme_unesco.jpg\",\"width\":2079,\"height\":1060,\"caption\":\"Mairie d'Angoul\u00eame\"},\"image\":{\"@id\":\"https:\/\/creativebd-angouleme.inovawork.net\/#logo\"}},{\"@type\":\"WebSite\",\"@id\":\"https:\/\/creativebd-angouleme.inovawork.net\/#website\",\"url\":\"https:\/\/creativebd-angouleme.inovawork.net\/\",\"name\":\"Angoul\u00eame Ville Cr\u00e9ative\",\"description\":\"Angoul\u00eame Ville Cr\u00e9ative de l&#039;UNESCO\",\"publisher\":{\"@id\":\"https:\/\/creativebd-angouleme.inovawork.net\/#organization\"},\"potentialAction\":[{\"@type\":\"SearchAction\",\"target\":{\"@type\":\"EntryPoint\",\"urlTemplate\":\"https:\/\/creativebd-angouleme.inovawork.net\/?s={search_term_string}\"},\"query-input\":\"required name=search_term_string\"}],\"inLanguage\":\"en-US\"},{\"@type\":\"ImageObject\",\"@id\":\"https:\/\/creativebd-angouleme.inovawork.net\/en\/news\/celebration-of-the-french-language\/#primaryimage\",\"inLanguage\":\"en-US\",\"url\":\"https:\/\/creativebd-angouleme.inovawork.net\/wp-content\/uploads\/2021\/04\/Drapeau-francophonie-HdV-mars-2021-c-Ville-Angouleme.jpg\",\"contentUrl\":\"https:\/\/creativebd-angouleme.inovawork.net\/wp-content\/uploads\/2021\/04\/Drapeau-francophonie-HdV-mars-2021-c-Ville-Angouleme.jpg\",\"width\":1200,\"height\":1600},{\"@type\":\"WebPage\",\"@id\":\"https:\/\/creativebd-angouleme.inovawork.net\/en\/news\/celebration-of-the-french-language\/#webpage\",\"url\":\"https:\/\/creativebd-angouleme.inovawork.net\/en\/news\/celebration-of-the-french-language\/\",\"name\":\"Angoul\u00eame Ville Cr\u00e9ative\",\"isPartOf\":{\"@id\":\"https:\/\/creativebd-angouleme.inovawork.net\/#website\"},\"primaryImageOfPage\":{\"@id\":\"https:\/\/creativebd-angouleme.inovawork.net\/en\/news\/celebration-of-the-french-language\/#primaryimage\"},\"datePublished\":\"2021-03-20T14:39:34+00:00\",\"dateModified\":\"2021-04-09T13:42:24+00:00\",\"description\":\"Celebration of the French Language\",\"breadcrumb\":{\"@id\":\"https:\/\/creativebd-angouleme.inovawork.net\/en\/news\/celebration-of-the-french-language\/#breadcrumb\"},\"inLanguage\":\"en-US\",\"potentialAction\":[{\"@type\":\"ReadAction\",\"target\":[\"https:\/\/creativebd-angouleme.inovawork.net\/en\/news\/celebration-of-the-french-language\/\"]}]},{\"@type\":\"BreadcrumbList\",\"@id\":\"https:\/\/creativebd-angouleme.inovawork.net\/en\/news\/celebration-of-the-french-language\/#breadcrumb\",\"itemListElement\":[{\"@type\":\"ListItem\",\"position\":1,\"name\":\"Accueil\",\"item\":\"https:\/\/creativebd-angouleme.inovawork.net\/en\/\"},{\"@type\":\"ListItem\",\"position\":2,\"name\":\"Actualit\u00e9s\",\"item\":\"https:\/\/creativebd-angouleme.inovawork.net\/category\/actualites\/\"},{\"@type\":\"ListItem\",\"position\":3,\"name\":\"Celebration of the French Language\"}]},{\"@type\":\"Article\",\"@id\":\"https:\/\/creativebd-angouleme.inovawork.net\/en\/news\/celebration-of-the-french-language\/#article\",\"isPartOf\":{\"@id\":\"https:\/\/creativebd-angouleme.inovawork.net\/en\/news\/celebration-of-the-french-language\/#webpage\"},\"author\":{\"@id\":\"https:\/\/creativebd-angouleme.inovawork.net\/#\/schema\/person\/69be8dd928011ad3dd8ccd87dc7136eb\"},\"headline\":\"Celebration of the French Language\",\"datePublished\":\"2021-03-20T14:39:34+00:00\",\"dateModified\":\"2021-04-09T13:42:24+00:00\",\"mainEntityOfPage\":{\"@id\":\"https:\/\/creativebd-angouleme.inovawork.net\/en\/news\/celebration-of-the-french-language\/#webpage\"},\"wordCount\":131,\"commentCount\":0,\"publisher\":{\"@id\":\"https:\/\/creativebd-angouleme.inovawork.net\/#organization\"},\"image\":{\"@id\":\"https:\/\/creativebd-angouleme.inovawork.net\/en\/news\/celebration-of-the-french-language\/#primaryimage\"},\"thumbnailUrl\":\"https:\/\/creativebd-angouleme.inovawork.net\/wp-content\/uploads\/2021\/04\/Drapeau-francophonie-HdV-mars-2021-c-Ville-Angouleme.jpg\",\"articleSection\":[\"News\"],\"inLanguage\":\"en-US\",\"potentialAction\":[{\"@type\":\"CommentAction\",\"name\":\"Comment\",\"target\":[\"https:\/\/creativebd-angouleme.inovawork.net\/en\/news\/celebration-of-the-french-language\/#respond\"]}]},{\"@type\":\"Person\",\"@id\":\"https:\/\/creativebd-angouleme.inovawork.net\/#\/schema\/person\/69be8dd928011ad3dd8ccd87dc7136eb\",\"name\":\"Angoul\u00eame Ville Cr\u00e9ative\",\"image\":{\"@type\":\"ImageObject\",\"@id\":\"https:\/\/creativebd-angouleme.inovawork.net\/#personlogo\",\"inLanguage\":\"en-US\",\"url\":\"https:\/\/secure.gravatar.com\/avatar\/6854d893298d69eed2c5192cc3c9cb33?s=96&d=mm&r=g\",\"contentUrl\":\"https:\/\/secure.gravatar.com\/avatar\/6854d893298d69eed2c5192cc3c9cb33?s=96&d=mm&r=g\",\"caption\":\"Angoul\u00eame Ville Cr\u00e9ative\"},\"url\":\"https:\/\/creativebd-angouleme.inovawork.net\/en\/author\/brunov\/\"}]}<\/script>\n<!-- \/ Yoast SEO plugin. -->","yoast_head_json":{"title":"Angoul\u00eame Ville Cr\u00e9ative","description":"Celebration of the French Language","robots":{"index":"noindex","follow":"follow","max-snippet":"max-snippet:-1","max-image-preview":"max-image-preview:large","max-video-preview":"max-video-preview:-1"},"og_locale":"en_US","og_type":"article","og_title":"Angoul\u00eame Ville Cr\u00e9ative","og_description":"Celebration of the French Language","og_url":"https:\/\/creativebd-angouleme.inovawork.net\/en\/news\/celebration-of-the-french-language\/","og_site_name":"Angoul\u00eame Ville Cr\u00e9ative","article_published_time":"2021-03-20T14:39:34+00:00","article_modified_time":"2021-04-09T13:42:24+00:00","og_image":[{"width":1200,"height":1600,"url":"https:\/\/creativebd-angouleme.inovawork.net\/wp-content\/uploads\/2021\/04\/Drapeau-francophonie-HdV-mars-2021-c-Ville-Angouleme.jpg","type":"image\/jpeg"}],"twitter_card":"summary_large_image","twitter_misc":{"Written by":"Angoul\u00eame Ville Cr\u00e9ative","Est. reading time":"1 minute"},"schema":{"@context":"https:\/\/schema.org","@graph":[{"@type":"Organization","@id":"https:\/\/creativebd-angouleme.inovawork.net\/#organization","name":"Mairie d'Angoul\u00eame","url":"https:\/\/creativebd-angouleme.inovawork.net\/","sameAs":[],"logo":{"@type":"ImageObject","@id":"https:\/\/creativebd-angouleme.inovawork.net\/#logo","inLanguage":"en-US","url":"https:\/\/creativebd-angouleme.inovawork.net\/wp-content\/uploads\/2019\/12\/logo_angouleme_unesco.jpg","contentUrl":"https:\/\/creativebd-angouleme.inovawork.net\/wp-content\/uploads\/2019\/12\/logo_angouleme_unesco.jpg","width":2079,"height":1060,"caption":"Mairie d'Angoul\u00eame"},"image":{"@id":"https:\/\/creativebd-angouleme.inovawork.net\/#logo"}},{"@type":"WebSite","@id":"https:\/\/creativebd-angouleme.inovawork.net\/#website","url":"https:\/\/creativebd-angouleme.inovawork.net\/","name":"Angoul\u00eame Ville Cr\u00e9ative","description":"Angoul\u00eame Ville Cr\u00e9ative de l&#039;UNESCO","publisher":{"@id":"https:\/\/creativebd-angouleme.inovawork.net\/#organization"},"potentialAction":[{"@type":"SearchAction","target":{"@type":"EntryPoint","urlTemplate":"https:\/\/creativebd-angouleme.inovawork.net\/?s={search_term_string}"},"query-input":"required name=search_term_string"}],"inLanguage":"en-US"},{"@type":"ImageObject","@id":"https:\/\/creativebd-angouleme.inovawork.net\/en\/news\/celebration-of-the-french-language\/#primaryimage","inLanguage":"en-US","url":"https:\/\/creativebd-angouleme.inovawork.net\/wp-content\/uploads\/2021\/04\/Drapeau-francophonie-HdV-mars-2021-c-Ville-Angouleme.jpg","contentUrl":"https:\/\/creativebd-angouleme.inovawork.net\/wp-content\/uploads\/2021\/04\/Drapeau-francophonie-HdV-mars-2021-c-Ville-Angouleme.jpg","width":1200,"height":1600},{"@type":"WebPage","@id":"https:\/\/creativebd-angouleme.inovawork.net\/en\/news\/celebration-of-the-french-language\/#webpage","url":"https:\/\/creativebd-angouleme.inovawork.net\/en\/news\/celebration-of-the-french-language\/","name":"Angoul\u00eame Ville Cr\u00e9ative","isPartOf":{"@id":"https:\/\/creativebd-angouleme.inovawork.net\/#website"},"primaryImageOfPage":{"@id":"https:\/\/creativebd-angouleme.inovawork.net\/en\/news\/celebration-of-the-french-language\/#primaryimage"},"datePublished":"2021-03-20T14:39:34+00:00","dateModified":"2021-04-09T13:42:24+00:00","description":"Celebration of the French Language","breadcrumb":{"@id":"https:\/\/creativebd-angouleme.inovawork.net\/en\/news\/celebration-of-the-french-language\/#breadcrumb"},"inLanguage":"en-US","potentialAction":[{"@type":"ReadAction","target":["https:\/\/creativebd-angouleme.inovawork.net\/en\/news\/celebration-of-the-french-language\/"]}]},{"@type":"BreadcrumbList","@id":"https:\/\/creativebd-angouleme.inovawork.net\/en\/news\/celebration-of-the-french-language\/#breadcrumb","itemListElement":[{"@type":"ListItem","position":1,"name":"Accueil","item":"https:\/\/creativebd-angouleme.inovawork.net\/en\/"},{"@type":"ListItem","position":2,"name":"Actualit\u00e9s","item":"https:\/\/creativebd-angouleme.inovawork.net\/category\/actualites\/"},{"@type":"ListItem","position":3,"name":"Celebration of the French Language"}]},{"@type":"Article","@id":"https:\/\/creativebd-angouleme.inovawork.net\/en\/news\/celebration-of-the-french-language\/#article","isPartOf":{"@id":"https:\/\/creativebd-angouleme.inovawork.net\/en\/news\/celebration-of-the-french-language\/#webpage"},"author":{"@id":"https:\/\/creativebd-angouleme.inovawork.net\/#\/schema\/person\/69be8dd928011ad3dd8ccd87dc7136eb"},"headline":"Celebration of the French Language","datePublished":"2021-03-20T14:39:34+00:00","dateModified":"2021-04-09T13:42:24+00:00","mainEntityOfPage":{"@id":"https:\/\/creativebd-angouleme.inovawork.net\/en\/news\/celebration-of-the-french-language\/#webpage"},"wordCount":131,"commentCount":0,"publisher":{"@id":"https:\/\/creativebd-angouleme.inovawork.net\/#organization"},"image":{"@id":"https:\/\/creativebd-angouleme.inovawork.net\/en\/news\/celebration-of-the-french-language\/#primaryimage"},"thumbnailUrl":"https:\/\/creativebd-angouleme.inovawork.net\/wp-content\/uploads\/2021\/04\/Drapeau-francophonie-HdV-mars-2021-c-Ville-Angouleme.jpg","articleSection":["News"],"inLanguage":"en-US","potentialAction":[{"@type":"CommentAction","name":"Comment","target":["https:\/\/creativebd-angouleme.inovawork.net\/en\/news\/celebration-of-the-french-language\/#respond"]}]},{"@type":"Person","@id":"https:\/\/creativebd-angouleme.inovawork.net\/#\/schema\/person\/69be8dd928011ad3dd8ccd87dc7136eb","name":"Angoul\u00eame Ville Cr\u00e9ative","image":{"@type":"ImageObject","@id":"https:\/\/creativebd-angouleme.inovawork.net\/#personlogo","inLanguage":"en-US","url":"https:\/\/secure.gravatar.com\/avatar\/6854d893298d69eed2c5192cc3c9cb33?s=96&d=mm&r=g","contentUrl":"https:\/\/secure.gravatar.com\/avatar\/6854d893298d69eed2c5192cc3c9cb33?s=96&d=mm&r=g","caption":"Angoul\u00eame Ville Cr\u00e9ative"},"url":"https:\/\/creativebd-angouleme.inovawork.net\/en\/author\/brunov\/"}]}},"_links":{"self":[{"href":"https:\/\/creativebd-angouleme.inovawork.net\/en\/wp-json\/wp\/v2\/posts\/80485"}],"collection":[{"href":"https:\/\/creativebd-angouleme.inovawork.net\/en\/wp-json\/wp\/v2\/posts"}],"about":[{"href":"https:\/\/creativebd-angouleme.inovawork.net\/en\/wp-json\/wp\/v2\/types\/post"}],"author":[{"embeddable":true,"href":"https:\/\/creativebd-angouleme.inovawork.net\/en\/wp-json\/wp\/v2\/users\/7"}],"replies":[{"embeddable":true,"href":"https:\/\/creativebd-angouleme.inovawork.net\/en\/wp-json\/wp\/v2\/comments?post=80485"}],"version-history":[{"count":1,"href":"https:\/\/creativebd-angouleme.inovawork.net\/en\/wp-json\/wp\/v2\/posts\/80485\/revisions"}],"predecessor-version":[{"id":80486,"href":"https:\/\/creativebd-angouleme.inovawork.net\/en\/wp-json\/wp\/v2\/posts\/80485\/revisions\/80486"}],"wp:featuredmedia":[{"embeddable":true,"href":"https:\/\/creativebd-angouleme.inovawork.net\/en\/wp-json\/wp\/v2\/media\/80483"}],"wp:attachment":[{"href":"https:\/\/creativebd-angouleme.inovawork.net\/en\/wp-json\/wp\/v2\/media?parent=80485"}],"wp:term":[{"taxonomy":"category","embeddable":true,"href":"https:\/\/creativebd-angouleme.inovawork.net\/en\/wp-json\/wp\/v2\/categories?post=80485"},{"taxonomy":"post_tag","embeddable":true,"href":"https:\/\/creativebd-angouleme.inovawork.net\/en\/wp-json\/wp\/v2\/tags?post=80485"}],"curies":[{"name":"wp","href":"https:\/\/api.w.org\/{rel}","templated":true}]}}