{"id":80441,"date":"2020-05-01T14:23:36","date_gmt":"2020-05-01T12:23:36","guid":{"rendered":"https:\/\/creativebd-angouleme.inovawork.net\/?p=80441"},"modified":"2021-04-09T14:26:38","modified_gmt":"2021-04-09T12:26:38","slug":"french-creative-cities-facing-the-epidemic","status":"publish","type":"post","link":"https:\/\/creativebd-angouleme.inovawork.net\/en\/news\/french-creative-cities-facing-the-epidemic\/","title":{"rendered":"French creative cities facing the epidemic"},"content":{"rendered":"<p>While the COVID-19 virus is affecting the entire planet, UNESCO&#8217;s creative cities and especially French cities,share their best practices, to maintain a cultural offer for all in these times of crisis.<!--more--><\/p>\n<p>The French Committee of Creative Cities was created in 2017 in partnership with the French National Commission for UNESCO. Its mission is to promote the sharing of best practices between French cities, to increase the visibility of their actions within the Network of Creative Cities Network (CCN), and to support and guide new applications. As part of the fight against the Covid-19 pandemic, it seemed essential for French cities to share with each other, but also with the rest of UNESCO&#8217;s CCN, initiatives put in place in the cultural and creative sector, in order to reduce the impacts of the health crisis.<\/p>\n<h3>Angoul\u00eame&#8217;s actions:<\/h3>\n<p>All the cultural structures of Angoul\u00eame have adapted their offer to maintain access to the entire population. Among the initiatives:<\/p>\n<ul>\n<li>The International Comics and Visual Arts Center (CIBDI) has launched a national initiative &#8220;All France Draws&#8221; supported by the Ministry of Culture. It has completely redesigned its website in order to highlight all its programming &#8220;on-line&#8221;: virtual tours, VOD, animations\u2026<\/li>\n<li>The Angoul\u00eame museums organised on-line conferences<\/li>\n<li>The Alpha media library has put its available resources online and organizes reading workshops for young people from the age of 14.<\/li>\n<li>The nef, the current music center, offers a weekly playlist.<\/li>\n<li>Several organisms offer virtual exhibitions (School of Art, Theatre of Angoul\u00eame&#8230;)<\/li>\n<li>In regards to the RVCU, Angoul\u00eame is defining a project with the CIBDI that will be open to all the Literature creative cities artists on their vision of their city after the Covid-19 crisis. An exhibition will be presented during the 2021 International Comics Festival and will be a first step to create an international network of artists.<\/li>\n<\/ul>\n<p>Other cities actions here:<span style=\"font-family: -apple-system, BlinkMacSystemFont, 'Segoe UI', Roboto, Oxygen-Sans, Ubuntu, Cantarell, 'Helvetica Neue', sans-serif;\">\u00a0<\/span><a style=\"font-family: -apple-system, BlinkMacSystemFont, 'Segoe UI', Roboto, Oxygen-Sans, Ubuntu, Cantarell, 'Helvetica Neue', sans-serif;\" href=\"https:\/\/unesco.delegfrance.org\/Synthese-des-bonnes-pratiques-des-villes-creatives-francaises-face-au-Covid-19\">Synth\u00e8se des bonnes pratiques des villes cr\u00e9atives fran\u00e7aises face au (&#8230;) &#8211; La France \u00e0 l&#8217;UNESCO (delegfrance.org)<\/a><\/p>\n<p>Pour en savoir plus :<\/p>\n<ul>\n<li><a href=\"https:\/\/unesco.delegfrance.org\/Synthese-des-bonnes-pratiques-des-villes-creatives-francaises-face-au-Covid-19\">R\u00e9sum\u00e9 des bonnes pratiques culturelles pendant le COVID-19 \u00e0 Angoul\u00eame &#8211; La France \u00e0 l&#8217;UNESCO (delegfrance.org)<\/a><\/li>\n<li><a href=\"https:\/\/www.angouleme.fr\/culture-loisirs\/la-ville-dapres-un-regard-croise-en-bande-dessinee-sur-le-futur-urbain-dapres-covid-19\/\">La ville d&#8217;apr\u00e8s. Un regard crois\u00e9 en bande dessin\u00e9e sur le futur urbain d&#8217;apr\u00e8s COVID-19 &#8211; Angoul\u00eame (angouleme.fr)<\/a><\/li>\n<\/ul>\n","protected":false},"excerpt":{"rendered":"<p>While the COVID-19 virus is affecting the entire planet, UNESCO&#8217;s creative cities and especially French cities,share their best practices, to maintain a cultural offer for all in these times of crisis.<\/p>\n","protected":false},"author":7,"featured_media":80438,"comment_status":"open","ping_status":"open","sticky":false,"template":"","format":"standard","meta":[],"categories":[71],"tags":[],"yoast_head":"<!-- This site is optimized with the Yoast SEO plugin v18.4.1 - https:\/\/yoast.com\/wordpress\/plugins\/seo\/ -->\n<title>Angoul\u00eame Ville Cr\u00e9ative<\/title>\n<meta name=\"description\" content=\"French creative cities facing the epidemic\" \/>\n<meta name=\"robots\" content=\"noindex, follow, max-snippet:-1, max-image-preview:large, max-video-preview:-1\" \/>\n<meta property=\"og:locale\" content=\"en_US\" \/>\n<meta property=\"og:type\" content=\"article\" \/>\n<meta property=\"og:title\" content=\"Angoul\u00eame Ville Cr\u00e9ative\" \/>\n<meta property=\"og:description\" content=\"French creative cities facing the epidemic\" \/>\n<meta property=\"og:url\" content=\"https:\/\/creativebd-angouleme.inovawork.net\/en\/news\/french-creative-cities-facing-the-epidemic\/\" \/>\n<meta property=\"og:site_name\" content=\"Angoul\u00eame Ville Cr\u00e9ative\" \/>\n<meta property=\"article:published_time\" content=\"2020-05-01T12:23:36+00:00\" \/>\n<meta property=\"article:modified_time\" content=\"2021-04-09T12:26:38+00:00\" \/>\n<meta property=\"og:image\" content=\"https:\/\/creativebd-angouleme.inovawork.net\/wp-content\/uploads\/2021\/04\/Angouleme_Mag_90.jpg\" \/>\n\t<meta property=\"og:image:width\" content=\"1200\" \/>\n\t<meta property=\"og:image:height\" content=\"1719\" \/>\n\t<meta property=\"og:image:type\" content=\"image\/jpeg\" \/>\n<meta name=\"twitter:card\" content=\"summary_large_image\" \/>\n<meta name=\"twitter:label1\" content=\"Written by\" \/>\n\t<meta name=\"twitter:data1\" content=\"Angoul\u00eame Ville Cr\u00e9ative\" \/>\n\t<meta name=\"twitter:label2\" content=\"Est. reading time\" \/>\n\t<meta name=\"twitter:data2\" content=\"2 minutes\" \/>\n<script type=\"application\/ld+json\" class=\"yoast-schema-graph\">{\"@context\":\"https:\/\/schema.org\",\"@graph\":[{\"@type\":\"Organization\",\"@id\":\"https:\/\/creativebd-angouleme.inovawork.net\/#organization\",\"name\":\"Mairie d'Angoul\u00eame\",\"url\":\"https:\/\/creativebd-angouleme.inovawork.net\/\",\"sameAs\":[],\"logo\":{\"@type\":\"ImageObject\",\"@id\":\"https:\/\/creativebd-angouleme.inovawork.net\/#logo\",\"inLanguage\":\"en-US\",\"url\":\"https:\/\/creativebd-angouleme.inovawork.net\/wp-content\/uploads\/2019\/12\/logo_angouleme_unesco.jpg\",\"contentUrl\":\"https:\/\/creativebd-angouleme.inovawork.net\/wp-content\/uploads\/2019\/12\/logo_angouleme_unesco.jpg\",\"width\":2079,\"height\":1060,\"caption\":\"Mairie d'Angoul\u00eame\"},\"image\":{\"@id\":\"https:\/\/creativebd-angouleme.inovawork.net\/#logo\"}},{\"@type\":\"WebSite\",\"@id\":\"https:\/\/creativebd-angouleme.inovawork.net\/#website\",\"url\":\"https:\/\/creativebd-angouleme.inovawork.net\/\",\"name\":\"Angoul\u00eame Ville Cr\u00e9ative\",\"description\":\"Angoul\u00eame Ville Cr\u00e9ative de l&#039;UNESCO\",\"publisher\":{\"@id\":\"https:\/\/creativebd-angouleme.inovawork.net\/#organization\"},\"potentialAction\":[{\"@type\":\"SearchAction\",\"target\":{\"@type\":\"EntryPoint\",\"urlTemplate\":\"https:\/\/creativebd-angouleme.inovawork.net\/?s={search_term_string}\"},\"query-input\":\"required name=search_term_string\"}],\"inLanguage\":\"en-US\"},{\"@type\":\"ImageObject\",\"@id\":\"https:\/\/creativebd-angouleme.inovawork.net\/en\/news\/french-creative-cities-facing-the-epidemic\/#primaryimage\",\"inLanguage\":\"en-US\",\"url\":\"https:\/\/creativebd-angouleme.inovawork.net\/wp-content\/uploads\/2021\/04\/Angouleme_Mag_90.jpg\",\"contentUrl\":\"https:\/\/creativebd-angouleme.inovawork.net\/wp-content\/uploads\/2021\/04\/Angouleme_Mag_90.jpg\",\"width\":1200,\"height\":1719},{\"@type\":\"WebPage\",\"@id\":\"https:\/\/creativebd-angouleme.inovawork.net\/en\/news\/french-creative-cities-facing-the-epidemic\/#webpage\",\"url\":\"https:\/\/creativebd-angouleme.inovawork.net\/en\/news\/french-creative-cities-facing-the-epidemic\/\",\"name\":\"Angoul\u00eame Ville Cr\u00e9ative\",\"isPartOf\":{\"@id\":\"https:\/\/creativebd-angouleme.inovawork.net\/#website\"},\"primaryImageOfPage\":{\"@id\":\"https:\/\/creativebd-angouleme.inovawork.net\/en\/news\/french-creative-cities-facing-the-epidemic\/#primaryimage\"},\"datePublished\":\"2020-05-01T12:23:36+00:00\",\"dateModified\":\"2021-04-09T12:26:38+00:00\",\"description\":\"French creative cities facing the epidemic\",\"breadcrumb\":{\"@id\":\"https:\/\/creativebd-angouleme.inovawork.net\/en\/news\/french-creative-cities-facing-the-epidemic\/#breadcrumb\"},\"inLanguage\":\"en-US\",\"potentialAction\":[{\"@type\":\"ReadAction\",\"target\":[\"https:\/\/creativebd-angouleme.inovawork.net\/en\/news\/french-creative-cities-facing-the-epidemic\/\"]}]},{\"@type\":\"BreadcrumbList\",\"@id\":\"https:\/\/creativebd-angouleme.inovawork.net\/en\/news\/french-creative-cities-facing-the-epidemic\/#breadcrumb\",\"itemListElement\":[{\"@type\":\"ListItem\",\"position\":1,\"name\":\"Accueil\",\"item\":\"https:\/\/creativebd-angouleme.inovawork.net\/en\/\"},{\"@type\":\"ListItem\",\"position\":2,\"name\":\"Actualit\u00e9s\",\"item\":\"https:\/\/creativebd-angouleme.inovawork.net\/category\/actualites\/\"},{\"@type\":\"ListItem\",\"position\":3,\"name\":\"French creative cities facing the epidemic\"}]},{\"@type\":\"Article\",\"@id\":\"https:\/\/creativebd-angouleme.inovawork.net\/en\/news\/french-creative-cities-facing-the-epidemic\/#article\",\"isPartOf\":{\"@id\":\"https:\/\/creativebd-angouleme.inovawork.net\/en\/news\/french-creative-cities-facing-the-epidemic\/#webpage\"},\"author\":{\"@id\":\"https:\/\/creativebd-angouleme.inovawork.net\/#\/schema\/person\/69be8dd928011ad3dd8ccd87dc7136eb\"},\"headline\":\"French creative cities facing the epidemic\",\"datePublished\":\"2020-05-01T12:23:36+00:00\",\"dateModified\":\"2021-04-09T12:26:38+00:00\",\"mainEntityOfPage\":{\"@id\":\"https:\/\/creativebd-angouleme.inovawork.net\/en\/news\/french-creative-cities-facing-the-epidemic\/#webpage\"},\"wordCount\":378,\"commentCount\":0,\"publisher\":{\"@id\":\"https:\/\/creativebd-angouleme.inovawork.net\/#organization\"},\"image\":{\"@id\":\"https:\/\/creativebd-angouleme.inovawork.net\/en\/news\/french-creative-cities-facing-the-epidemic\/#primaryimage\"},\"thumbnailUrl\":\"https:\/\/creativebd-angouleme.inovawork.net\/wp-content\/uploads\/2021\/04\/Angouleme_Mag_90.jpg\",\"articleSection\":[\"News\"],\"inLanguage\":\"en-US\",\"potentialAction\":[{\"@type\":\"CommentAction\",\"name\":\"Comment\",\"target\":[\"https:\/\/creativebd-angouleme.inovawork.net\/en\/news\/french-creative-cities-facing-the-epidemic\/#respond\"]}]},{\"@type\":\"Person\",\"@id\":\"https:\/\/creativebd-angouleme.inovawork.net\/#\/schema\/person\/69be8dd928011ad3dd8ccd87dc7136eb\",\"name\":\"Angoul\u00eame Ville Cr\u00e9ative\",\"image\":{\"@type\":\"ImageObject\",\"@id\":\"https:\/\/creativebd-angouleme.inovawork.net\/#personlogo\",\"inLanguage\":\"en-US\",\"url\":\"https:\/\/secure.gravatar.com\/avatar\/6854d893298d69eed2c5192cc3c9cb33?s=96&d=mm&r=g\",\"contentUrl\":\"https:\/\/secure.gravatar.com\/avatar\/6854d893298d69eed2c5192cc3c9cb33?s=96&d=mm&r=g\",\"caption\":\"Angoul\u00eame Ville Cr\u00e9ative\"},\"url\":\"https:\/\/creativebd-angouleme.inovawork.net\/en\/author\/brunov\/\"}]}<\/script>\n<!-- \/ Yoast SEO plugin. -->","yoast_head_json":{"title":"Angoul\u00eame Ville Cr\u00e9ative","description":"French creative cities facing the epidemic","robots":{"index":"noindex","follow":"follow","max-snippet":"max-snippet:-1","max-image-preview":"max-image-preview:large","max-video-preview":"max-video-preview:-1"},"og_locale":"en_US","og_type":"article","og_title":"Angoul\u00eame Ville Cr\u00e9ative","og_description":"French creative cities facing the epidemic","og_url":"https:\/\/creativebd-angouleme.inovawork.net\/en\/news\/french-creative-cities-facing-the-epidemic\/","og_site_name":"Angoul\u00eame Ville Cr\u00e9ative","article_published_time":"2020-05-01T12:23:36+00:00","article_modified_time":"2021-04-09T12:26:38+00:00","og_image":[{"width":1200,"height":1719,"url":"https:\/\/creativebd-angouleme.inovawork.net\/wp-content\/uploads\/2021\/04\/Angouleme_Mag_90.jpg","type":"image\/jpeg"}],"twitter_card":"summary_large_image","twitter_misc":{"Written by":"Angoul\u00eame Ville Cr\u00e9ative","Est. reading time":"2 minutes"},"schema":{"@context":"https:\/\/schema.org","@graph":[{"@type":"Organization","@id":"https:\/\/creativebd-angouleme.inovawork.net\/#organization","name":"Mairie d'Angoul\u00eame","url":"https:\/\/creativebd-angouleme.inovawork.net\/","sameAs":[],"logo":{"@type":"ImageObject","@id":"https:\/\/creativebd-angouleme.inovawork.net\/#logo","inLanguage":"en-US","url":"https:\/\/creativebd-angouleme.inovawork.net\/wp-content\/uploads\/2019\/12\/logo_angouleme_unesco.jpg","contentUrl":"https:\/\/creativebd-angouleme.inovawork.net\/wp-content\/uploads\/2019\/12\/logo_angouleme_unesco.jpg","width":2079,"height":1060,"caption":"Mairie d'Angoul\u00eame"},"image":{"@id":"https:\/\/creativebd-angouleme.inovawork.net\/#logo"}},{"@type":"WebSite","@id":"https:\/\/creativebd-angouleme.inovawork.net\/#website","url":"https:\/\/creativebd-angouleme.inovawork.net\/","name":"Angoul\u00eame Ville Cr\u00e9ative","description":"Angoul\u00eame Ville Cr\u00e9ative de l&#039;UNESCO","publisher":{"@id":"https:\/\/creativebd-angouleme.inovawork.net\/#organization"},"potentialAction":[{"@type":"SearchAction","target":{"@type":"EntryPoint","urlTemplate":"https:\/\/creativebd-angouleme.inovawork.net\/?s={search_term_string}"},"query-input":"required name=search_term_string"}],"inLanguage":"en-US"},{"@type":"ImageObject","@id":"https:\/\/creativebd-angouleme.inovawork.net\/en\/news\/french-creative-cities-facing-the-epidemic\/#primaryimage","inLanguage":"en-US","url":"https:\/\/creativebd-angouleme.inovawork.net\/wp-content\/uploads\/2021\/04\/Angouleme_Mag_90.jpg","contentUrl":"https:\/\/creativebd-angouleme.inovawork.net\/wp-content\/uploads\/2021\/04\/Angouleme_Mag_90.jpg","width":1200,"height":1719},{"@type":"WebPage","@id":"https:\/\/creativebd-angouleme.inovawork.net\/en\/news\/french-creative-cities-facing-the-epidemic\/#webpage","url":"https:\/\/creativebd-angouleme.inovawork.net\/en\/news\/french-creative-cities-facing-the-epidemic\/","name":"Angoul\u00eame Ville Cr\u00e9ative","isPartOf":{"@id":"https:\/\/creativebd-angouleme.inovawork.net\/#website"},"primaryImageOfPage":{"@id":"https:\/\/creativebd-angouleme.inovawork.net\/en\/news\/french-creative-cities-facing-the-epidemic\/#primaryimage"},"datePublished":"2020-05-01T12:23:36+00:00","dateModified":"2021-04-09T12:26:38+00:00","description":"French creative cities facing the epidemic","breadcrumb":{"@id":"https:\/\/creativebd-angouleme.inovawork.net\/en\/news\/french-creative-cities-facing-the-epidemic\/#breadcrumb"},"inLanguage":"en-US","potentialAction":[{"@type":"ReadAction","target":["https:\/\/creativebd-angouleme.inovawork.net\/en\/news\/french-creative-cities-facing-the-epidemic\/"]}]},{"@type":"BreadcrumbList","@id":"https:\/\/creativebd-angouleme.inovawork.net\/en\/news\/french-creative-cities-facing-the-epidemic\/#breadcrumb","itemListElement":[{"@type":"ListItem","position":1,"name":"Accueil","item":"https:\/\/creativebd-angouleme.inovawork.net\/en\/"},{"@type":"ListItem","position":2,"name":"Actualit\u00e9s","item":"https:\/\/creativebd-angouleme.inovawork.net\/category\/actualites\/"},{"@type":"ListItem","position":3,"name":"French creative cities facing the epidemic"}]},{"@type":"Article","@id":"https:\/\/creativebd-angouleme.inovawork.net\/en\/news\/french-creative-cities-facing-the-epidemic\/#article","isPartOf":{"@id":"https:\/\/creativebd-angouleme.inovawork.net\/en\/news\/french-creative-cities-facing-the-epidemic\/#webpage"},"author":{"@id":"https:\/\/creativebd-angouleme.inovawork.net\/#\/schema\/person\/69be8dd928011ad3dd8ccd87dc7136eb"},"headline":"French creative cities facing the epidemic","datePublished":"2020-05-01T12:23:36+00:00","dateModified":"2021-04-09T12:26:38+00:00","mainEntityOfPage":{"@id":"https:\/\/creativebd-angouleme.inovawork.net\/en\/news\/french-creative-cities-facing-the-epidemic\/#webpage"},"wordCount":378,"commentCount":0,"publisher":{"@id":"https:\/\/creativebd-angouleme.inovawork.net\/#organization"},"image":{"@id":"https:\/\/creativebd-angouleme.inovawork.net\/en\/news\/french-creative-cities-facing-the-epidemic\/#primaryimage"},"thumbnailUrl":"https:\/\/creativebd-angouleme.inovawork.net\/wp-content\/uploads\/2021\/04\/Angouleme_Mag_90.jpg","articleSection":["News"],"inLanguage":"en-US","potentialAction":[{"@type":"CommentAction","name":"Comment","target":["https:\/\/creativebd-angouleme.inovawork.net\/en\/news\/french-creative-cities-facing-the-epidemic\/#respond"]}]},{"@type":"Person","@id":"https:\/\/creativebd-angouleme.inovawork.net\/#\/schema\/person\/69be8dd928011ad3dd8ccd87dc7136eb","name":"Angoul\u00eame Ville Cr\u00e9ative","image":{"@type":"ImageObject","@id":"https:\/\/creativebd-angouleme.inovawork.net\/#personlogo","inLanguage":"en-US","url":"https:\/\/secure.gravatar.com\/avatar\/6854d893298d69eed2c5192cc3c9cb33?s=96&d=mm&r=g","contentUrl":"https:\/\/secure.gravatar.com\/avatar\/6854d893298d69eed2c5192cc3c9cb33?s=96&d=mm&r=g","caption":"Angoul\u00eame Ville Cr\u00e9ative"},"url":"https:\/\/creativebd-angouleme.inovawork.net\/en\/author\/brunov\/"}]}},"_links":{"self":[{"href":"https:\/\/creativebd-angouleme.inovawork.net\/en\/wp-json\/wp\/v2\/posts\/80441"}],"collection":[{"href":"https:\/\/creativebd-angouleme.inovawork.net\/en\/wp-json\/wp\/v2\/posts"}],"about":[{"href":"https:\/\/creativebd-angouleme.inovawork.net\/en\/wp-json\/wp\/v2\/types\/post"}],"author":[{"embeddable":true,"href":"https:\/\/creativebd-angouleme.inovawork.net\/en\/wp-json\/wp\/v2\/users\/7"}],"replies":[{"embeddable":true,"href":"https:\/\/creativebd-angouleme.inovawork.net\/en\/wp-json\/wp\/v2\/comments?post=80441"}],"version-history":[{"count":1,"href":"https:\/\/creativebd-angouleme.inovawork.net\/en\/wp-json\/wp\/v2\/posts\/80441\/revisions"}],"predecessor-version":[{"id":80442,"href":"https:\/\/creativebd-angouleme.inovawork.net\/en\/wp-json\/wp\/v2\/posts\/80441\/revisions\/80442"}],"wp:featuredmedia":[{"embeddable":true,"href":"https:\/\/creativebd-angouleme.inovawork.net\/en\/wp-json\/wp\/v2\/media\/80438"}],"wp:attachment":[{"href":"https:\/\/creativebd-angouleme.inovawork.net\/en\/wp-json\/wp\/v2\/media?parent=80441"}],"wp:term":[{"taxonomy":"category","embeddable":true,"href":"https:\/\/creativebd-angouleme.inovawork.net\/en\/wp-json\/wp\/v2\/categories?post=80441"},{"taxonomy":"post_tag","embeddable":true,"href":"https:\/\/creativebd-angouleme.inovawork.net\/en\/wp-json\/wp\/v2\/tags?post=80441"}],"curies":[{"name":"wp","href":"https:\/\/api.w.org\/{rel}","templated":true}]}}