{"id":80359,"date":"2021-01-01T15:28:40","date_gmt":"2021-01-01T14:28:40","guid":{"rendered":"https:\/\/creativebd-angouleme.inovawork.net\/?p=80359"},"modified":"2021-04-08T15:31:27","modified_gmt":"2021-04-08T13:31:27","slug":"the-year-of-comics-continues","status":"publish","type":"post","link":"https:\/\/creativebd-angouleme.inovawork.net\/en\/news\/the-year-of-comics-continues\/","title":{"rendered":"The year of comics continues"},"content":{"rendered":"<p>Due to the global pandemic, many events which were to take place in 2020, for the year of comics, had to be postponed or canceled, so the French Ministry of Culture decided to extend the festivities.<!--more--><\/p>\n<p>This year of comics didn&#8217;t really look like what we imagined. To give the 9th art and all its actors the visibility they deserve, the year of comics will be extended until June 30, 2021.<\/p>\n<h2>Long live comics!<\/h2>\n<p>More info :<\/p>\n<ul>\n<li><a href=\"https:\/\/www.bd2020.culture.gouv.fr\/actualites\/participez-a-l-annee-de-la-bd\">Participez \u00e0 l&#8217;Ann\u00e9e de la BD (culture.gouv.fr)<\/a><\/li>\n<li><a href=\"https:\/\/www.culture.gouv.fr\/Regions\/Drac-Provence-Alpes-Cote-d-Azur\/Manifestations-nationales\/Annee-BD-2020\">Ann\u00e9e BD 2020 (culture.gouv.fr)<\/a><\/li>\n<\/ul>\n","protected":false},"excerpt":{"rendered":"<p>Due to the global pandemic, many events which were to take place in 2020, for the year of comics, had to be postponed or canceled, so the French Ministry of Culture decided to extend the festivities.<\/p>\n","protected":false},"author":7,"featured_media":80357,"comment_status":"open","ping_status":"open","sticky":false,"template":"","format":"standard","meta":[],"categories":[71],"tags":[],"yoast_head":"<!-- This site is optimized with the Yoast SEO plugin v18.4.1 - https:\/\/yoast.com\/wordpress\/plugins\/seo\/ -->\n<title>Angoul\u00eame Ville Cr\u00e9ative<\/title>\n<meta name=\"description\" content=\"The year of comics continues\" \/>\n<meta name=\"robots\" content=\"noindex, follow, max-snippet:-1, max-image-preview:large, max-video-preview:-1\" \/>\n<meta property=\"og:locale\" content=\"en_US\" \/>\n<meta property=\"og:type\" content=\"article\" \/>\n<meta property=\"og:title\" content=\"Angoul\u00eame Ville Cr\u00e9ative\" \/>\n<meta property=\"og:description\" content=\"The year of comics continues\" \/>\n<meta property=\"og:url\" content=\"https:\/\/creativebd-angouleme.inovawork.net\/en\/news\/the-year-of-comics-continues\/\" \/>\n<meta property=\"og:site_name\" content=\"Angoul\u00eame Ville Cr\u00e9ative\" \/>\n<meta property=\"article:published_time\" content=\"2021-01-01T14:28:40+00:00\" \/>\n<meta property=\"article:modified_time\" content=\"2021-04-08T13:31:27+00:00\" \/>\n<meta property=\"og:image\" content=\"https:\/\/creativebd-angouleme.inovawork.net\/wp-content\/uploads\/2021\/04\/LOGO_BD_20_21_ROUGE_AVEC_SIGNATURE.png\" \/>\n\t<meta property=\"og:image:width\" content=\"3015\" \/>\n\t<meta property=\"og:image:height\" content=\"2062\" \/>\n\t<meta property=\"og:image:type\" content=\"image\/png\" \/>\n<meta name=\"twitter:card\" content=\"summary_large_image\" \/>\n<meta name=\"twitter:label1\" content=\"Written by\" \/>\n\t<meta name=\"twitter:data1\" content=\"Angoul\u00eame Ville Cr\u00e9ative\" \/>\n\t<meta name=\"twitter:label2\" content=\"Est. reading time\" \/>\n\t<meta name=\"twitter:data2\" content=\"1 minute\" \/>\n<script type=\"application\/ld+json\" class=\"yoast-schema-graph\">{\"@context\":\"https:\/\/schema.org\",\"@graph\":[{\"@type\":\"Organization\",\"@id\":\"https:\/\/creativebd-angouleme.inovawork.net\/#organization\",\"name\":\"Mairie d'Angoul\u00eame\",\"url\":\"https:\/\/creativebd-angouleme.inovawork.net\/\",\"sameAs\":[],\"logo\":{\"@type\":\"ImageObject\",\"@id\":\"https:\/\/creativebd-angouleme.inovawork.net\/#logo\",\"inLanguage\":\"en-US\",\"url\":\"https:\/\/creativebd-angouleme.inovawork.net\/wp-content\/uploads\/2019\/12\/logo_angouleme_unesco.jpg\",\"contentUrl\":\"https:\/\/creativebd-angouleme.inovawork.net\/wp-content\/uploads\/2019\/12\/logo_angouleme_unesco.jpg\",\"width\":2079,\"height\":1060,\"caption\":\"Mairie d'Angoul\u00eame\"},\"image\":{\"@id\":\"https:\/\/creativebd-angouleme.inovawork.net\/#logo\"}},{\"@type\":\"WebSite\",\"@id\":\"https:\/\/creativebd-angouleme.inovawork.net\/#website\",\"url\":\"https:\/\/creativebd-angouleme.inovawork.net\/\",\"name\":\"Angoul\u00eame Ville Cr\u00e9ative\",\"description\":\"Angoul\u00eame Ville Cr\u00e9ative de l&#039;UNESCO\",\"publisher\":{\"@id\":\"https:\/\/creativebd-angouleme.inovawork.net\/#organization\"},\"potentialAction\":[{\"@type\":\"SearchAction\",\"target\":{\"@type\":\"EntryPoint\",\"urlTemplate\":\"https:\/\/creativebd-angouleme.inovawork.net\/?s={search_term_string}\"},\"query-input\":\"required name=search_term_string\"}],\"inLanguage\":\"en-US\"},{\"@type\":\"ImageObject\",\"@id\":\"https:\/\/creativebd-angouleme.inovawork.net\/en\/news\/the-year-of-comics-continues\/#primaryimage\",\"inLanguage\":\"en-US\",\"url\":\"https:\/\/creativebd-angouleme.inovawork.net\/wp-content\/uploads\/2021\/04\/LOGO_BD_20_21_ROUGE_AVEC_SIGNATURE.png\",\"contentUrl\":\"https:\/\/creativebd-angouleme.inovawork.net\/wp-content\/uploads\/2021\/04\/LOGO_BD_20_21_ROUGE_AVEC_SIGNATURE.png\",\"width\":3015,\"height\":2062},{\"@type\":\"WebPage\",\"@id\":\"https:\/\/creativebd-angouleme.inovawork.net\/en\/news\/the-year-of-comics-continues\/#webpage\",\"url\":\"https:\/\/creativebd-angouleme.inovawork.net\/en\/news\/the-year-of-comics-continues\/\",\"name\":\"Angoul\u00eame Ville Cr\u00e9ative\",\"isPartOf\":{\"@id\":\"https:\/\/creativebd-angouleme.inovawork.net\/#website\"},\"primaryImageOfPage\":{\"@id\":\"https:\/\/creativebd-angouleme.inovawork.net\/en\/news\/the-year-of-comics-continues\/#primaryimage\"},\"datePublished\":\"2021-01-01T14:28:40+00:00\",\"dateModified\":\"2021-04-08T13:31:27+00:00\",\"description\":\"The year of comics continues\",\"breadcrumb\":{\"@id\":\"https:\/\/creativebd-angouleme.inovawork.net\/en\/news\/the-year-of-comics-continues\/#breadcrumb\"},\"inLanguage\":\"en-US\",\"potentialAction\":[{\"@type\":\"ReadAction\",\"target\":[\"https:\/\/creativebd-angouleme.inovawork.net\/en\/news\/the-year-of-comics-continues\/\"]}]},{\"@type\":\"BreadcrumbList\",\"@id\":\"https:\/\/creativebd-angouleme.inovawork.net\/en\/news\/the-year-of-comics-continues\/#breadcrumb\",\"itemListElement\":[{\"@type\":\"ListItem\",\"position\":1,\"name\":\"Accueil\",\"item\":\"https:\/\/creativebd-angouleme.inovawork.net\/en\/\"},{\"@type\":\"ListItem\",\"position\":2,\"name\":\"Actualit\u00e9s\",\"item\":\"https:\/\/creativebd-angouleme.inovawork.net\/category\/actualites\/\"},{\"@type\":\"ListItem\",\"position\":3,\"name\":\"The year of comics continues\"}]},{\"@type\":\"Article\",\"@id\":\"https:\/\/creativebd-angouleme.inovawork.net\/en\/news\/the-year-of-comics-continues\/#article\",\"isPartOf\":{\"@id\":\"https:\/\/creativebd-angouleme.inovawork.net\/en\/news\/the-year-of-comics-continues\/#webpage\"},\"author\":{\"@id\":\"https:\/\/creativebd-angouleme.inovawork.net\/#\/schema\/person\/69be8dd928011ad3dd8ccd87dc7136eb\"},\"headline\":\"The year of comics continues\",\"datePublished\":\"2021-01-01T14:28:40+00:00\",\"dateModified\":\"2021-04-08T13:31:27+00:00\",\"mainEntityOfPage\":{\"@id\":\"https:\/\/creativebd-angouleme.inovawork.net\/en\/news\/the-year-of-comics-continues\/#webpage\"},\"wordCount\":93,\"commentCount\":0,\"publisher\":{\"@id\":\"https:\/\/creativebd-angouleme.inovawork.net\/#organization\"},\"image\":{\"@id\":\"https:\/\/creativebd-angouleme.inovawork.net\/en\/news\/the-year-of-comics-continues\/#primaryimage\"},\"thumbnailUrl\":\"https:\/\/creativebd-angouleme.inovawork.net\/wp-content\/uploads\/2021\/04\/LOGO_BD_20_21_ROUGE_AVEC_SIGNATURE.png\",\"articleSection\":[\"News\"],\"inLanguage\":\"en-US\",\"potentialAction\":[{\"@type\":\"CommentAction\",\"name\":\"Comment\",\"target\":[\"https:\/\/creativebd-angouleme.inovawork.net\/en\/news\/the-year-of-comics-continues\/#respond\"]}]},{\"@type\":\"Person\",\"@id\":\"https:\/\/creativebd-angouleme.inovawork.net\/#\/schema\/person\/69be8dd928011ad3dd8ccd87dc7136eb\",\"name\":\"Angoul\u00eame Ville Cr\u00e9ative\",\"image\":{\"@type\":\"ImageObject\",\"@id\":\"https:\/\/creativebd-angouleme.inovawork.net\/#personlogo\",\"inLanguage\":\"en-US\",\"url\":\"https:\/\/secure.gravatar.com\/avatar\/6854d893298d69eed2c5192cc3c9cb33?s=96&d=mm&r=g\",\"contentUrl\":\"https:\/\/secure.gravatar.com\/avatar\/6854d893298d69eed2c5192cc3c9cb33?s=96&d=mm&r=g\",\"caption\":\"Angoul\u00eame Ville Cr\u00e9ative\"},\"url\":\"https:\/\/creativebd-angouleme.inovawork.net\/en\/author\/brunov\/\"}]}<\/script>\n<!-- \/ Yoast SEO plugin. -->","yoast_head_json":{"title":"Angoul\u00eame Ville Cr\u00e9ative","description":"The year of comics continues","robots":{"index":"noindex","follow":"follow","max-snippet":"max-snippet:-1","max-image-preview":"max-image-preview:large","max-video-preview":"max-video-preview:-1"},"og_locale":"en_US","og_type":"article","og_title":"Angoul\u00eame Ville Cr\u00e9ative","og_description":"The year of comics continues","og_url":"https:\/\/creativebd-angouleme.inovawork.net\/en\/news\/the-year-of-comics-continues\/","og_site_name":"Angoul\u00eame Ville Cr\u00e9ative","article_published_time":"2021-01-01T14:28:40+00:00","article_modified_time":"2021-04-08T13:31:27+00:00","og_image":[{"width":3015,"height":2062,"url":"https:\/\/creativebd-angouleme.inovawork.net\/wp-content\/uploads\/2021\/04\/LOGO_BD_20_21_ROUGE_AVEC_SIGNATURE.png","type":"image\/png"}],"twitter_card":"summary_large_image","twitter_misc":{"Written by":"Angoul\u00eame Ville Cr\u00e9ative","Est. reading time":"1 minute"},"schema":{"@context":"https:\/\/schema.org","@graph":[{"@type":"Organization","@id":"https:\/\/creativebd-angouleme.inovawork.net\/#organization","name":"Mairie d'Angoul\u00eame","url":"https:\/\/creativebd-angouleme.inovawork.net\/","sameAs":[],"logo":{"@type":"ImageObject","@id":"https:\/\/creativebd-angouleme.inovawork.net\/#logo","inLanguage":"en-US","url":"https:\/\/creativebd-angouleme.inovawork.net\/wp-content\/uploads\/2019\/12\/logo_angouleme_unesco.jpg","contentUrl":"https:\/\/creativebd-angouleme.inovawork.net\/wp-content\/uploads\/2019\/12\/logo_angouleme_unesco.jpg","width":2079,"height":1060,"caption":"Mairie d'Angoul\u00eame"},"image":{"@id":"https:\/\/creativebd-angouleme.inovawork.net\/#logo"}},{"@type":"WebSite","@id":"https:\/\/creativebd-angouleme.inovawork.net\/#website","url":"https:\/\/creativebd-angouleme.inovawork.net\/","name":"Angoul\u00eame Ville Cr\u00e9ative","description":"Angoul\u00eame Ville Cr\u00e9ative de l&#039;UNESCO","publisher":{"@id":"https:\/\/creativebd-angouleme.inovawork.net\/#organization"},"potentialAction":[{"@type":"SearchAction","target":{"@type":"EntryPoint","urlTemplate":"https:\/\/creativebd-angouleme.inovawork.net\/?s={search_term_string}"},"query-input":"required name=search_term_string"}],"inLanguage":"en-US"},{"@type":"ImageObject","@id":"https:\/\/creativebd-angouleme.inovawork.net\/en\/news\/the-year-of-comics-continues\/#primaryimage","inLanguage":"en-US","url":"https:\/\/creativebd-angouleme.inovawork.net\/wp-content\/uploads\/2021\/04\/LOGO_BD_20_21_ROUGE_AVEC_SIGNATURE.png","contentUrl":"https:\/\/creativebd-angouleme.inovawork.net\/wp-content\/uploads\/2021\/04\/LOGO_BD_20_21_ROUGE_AVEC_SIGNATURE.png","width":3015,"height":2062},{"@type":"WebPage","@id":"https:\/\/creativebd-angouleme.inovawork.net\/en\/news\/the-year-of-comics-continues\/#webpage","url":"https:\/\/creativebd-angouleme.inovawork.net\/en\/news\/the-year-of-comics-continues\/","name":"Angoul\u00eame Ville Cr\u00e9ative","isPartOf":{"@id":"https:\/\/creativebd-angouleme.inovawork.net\/#website"},"primaryImageOfPage":{"@id":"https:\/\/creativebd-angouleme.inovawork.net\/en\/news\/the-year-of-comics-continues\/#primaryimage"},"datePublished":"2021-01-01T14:28:40+00:00","dateModified":"2021-04-08T13:31:27+00:00","description":"The year of comics continues","breadcrumb":{"@id":"https:\/\/creativebd-angouleme.inovawork.net\/en\/news\/the-year-of-comics-continues\/#breadcrumb"},"inLanguage":"en-US","potentialAction":[{"@type":"ReadAction","target":["https:\/\/creativebd-angouleme.inovawork.net\/en\/news\/the-year-of-comics-continues\/"]}]},{"@type":"BreadcrumbList","@id":"https:\/\/creativebd-angouleme.inovawork.net\/en\/news\/the-year-of-comics-continues\/#breadcrumb","itemListElement":[{"@type":"ListItem","position":1,"name":"Accueil","item":"https:\/\/creativebd-angouleme.inovawork.net\/en\/"},{"@type":"ListItem","position":2,"name":"Actualit\u00e9s","item":"https:\/\/creativebd-angouleme.inovawork.net\/category\/actualites\/"},{"@type":"ListItem","position":3,"name":"The year of comics continues"}]},{"@type":"Article","@id":"https:\/\/creativebd-angouleme.inovawork.net\/en\/news\/the-year-of-comics-continues\/#article","isPartOf":{"@id":"https:\/\/creativebd-angouleme.inovawork.net\/en\/news\/the-year-of-comics-continues\/#webpage"},"author":{"@id":"https:\/\/creativebd-angouleme.inovawork.net\/#\/schema\/person\/69be8dd928011ad3dd8ccd87dc7136eb"},"headline":"The year of comics continues","datePublished":"2021-01-01T14:28:40+00:00","dateModified":"2021-04-08T13:31:27+00:00","mainEntityOfPage":{"@id":"https:\/\/creativebd-angouleme.inovawork.net\/en\/news\/the-year-of-comics-continues\/#webpage"},"wordCount":93,"commentCount":0,"publisher":{"@id":"https:\/\/creativebd-angouleme.inovawork.net\/#organization"},"image":{"@id":"https:\/\/creativebd-angouleme.inovawork.net\/en\/news\/the-year-of-comics-continues\/#primaryimage"},"thumbnailUrl":"https:\/\/creativebd-angouleme.inovawork.net\/wp-content\/uploads\/2021\/04\/LOGO_BD_20_21_ROUGE_AVEC_SIGNATURE.png","articleSection":["News"],"inLanguage":"en-US","potentialAction":[{"@type":"CommentAction","name":"Comment","target":["https:\/\/creativebd-angouleme.inovawork.net\/en\/news\/the-year-of-comics-continues\/#respond"]}]},{"@type":"Person","@id":"https:\/\/creativebd-angouleme.inovawork.net\/#\/schema\/person\/69be8dd928011ad3dd8ccd87dc7136eb","name":"Angoul\u00eame Ville Cr\u00e9ative","image":{"@type":"ImageObject","@id":"https:\/\/creativebd-angouleme.inovawork.net\/#personlogo","inLanguage":"en-US","url":"https:\/\/secure.gravatar.com\/avatar\/6854d893298d69eed2c5192cc3c9cb33?s=96&d=mm&r=g","contentUrl":"https:\/\/secure.gravatar.com\/avatar\/6854d893298d69eed2c5192cc3c9cb33?s=96&d=mm&r=g","caption":"Angoul\u00eame Ville Cr\u00e9ative"},"url":"https:\/\/creativebd-angouleme.inovawork.net\/en\/author\/brunov\/"}]}},"_links":{"self":[{"href":"https:\/\/creativebd-angouleme.inovawork.net\/en\/wp-json\/wp\/v2\/posts\/80359"}],"collection":[{"href":"https:\/\/creativebd-angouleme.inovawork.net\/en\/wp-json\/wp\/v2\/posts"}],"about":[{"href":"https:\/\/creativebd-angouleme.inovawork.net\/en\/wp-json\/wp\/v2\/types\/post"}],"author":[{"embeddable":true,"href":"https:\/\/creativebd-angouleme.inovawork.net\/en\/wp-json\/wp\/v2\/users\/7"}],"replies":[{"embeddable":true,"href":"https:\/\/creativebd-angouleme.inovawork.net\/en\/wp-json\/wp\/v2\/comments?post=80359"}],"version-history":[{"count":1,"href":"https:\/\/creativebd-angouleme.inovawork.net\/en\/wp-json\/wp\/v2\/posts\/80359\/revisions"}],"predecessor-version":[{"id":80360,"href":"https:\/\/creativebd-angouleme.inovawork.net\/en\/wp-json\/wp\/v2\/posts\/80359\/revisions\/80360"}],"wp:featuredmedia":[{"embeddable":true,"href":"https:\/\/creativebd-angouleme.inovawork.net\/en\/wp-json\/wp\/v2\/media\/80357"}],"wp:attachment":[{"href":"https:\/\/creativebd-angouleme.inovawork.net\/en\/wp-json\/wp\/v2\/media?parent=80359"}],"wp:term":[{"taxonomy":"category","embeddable":true,"href":"https:\/\/creativebd-angouleme.inovawork.net\/en\/wp-json\/wp\/v2\/categories?post=80359"},{"taxonomy":"post_tag","embeddable":true,"href":"https:\/\/creativebd-angouleme.inovawork.net\/en\/wp-json\/wp\/v2\/tags?post=80359"}],"curies":[{"name":"wp","href":"https:\/\/api.w.org\/{rel}","templated":true}]}}