{"id":80352,"date":"2020-01-01T15:18:40","date_gmt":"2020-01-01T14:18:40","guid":{"rendered":"https:\/\/creativebd-angouleme.inovawork.net\/?p=80352"},"modified":"2021-04-08T15:20:29","modified_gmt":"2021-04-08T13:20:29","slug":"2020-french-national-year-of-comics","status":"publish","type":"post","link":"https:\/\/creativebd-angouleme.inovawork.net\/en\/news\/2020-french-national-year-of-comics\/","title":{"rendered":"2020 French national year of Comics\u00a0!"},"content":{"rendered":"<p><em>At the initiative of the Ministry of Culture, 2020 was declared the &#8220;year of comics&#8221;.\u00a0A proposal to help the authors following the report of the director of the City of Comics.<\/em><br \/>\n<!--more--><\/p>\n<p>&#8220;2020 will be the year of comics&#8221; announced in his speech the Minister at the official launch of the event last year. The Minister of Culture Franck Riester unveiled the report of the director of the City of Comics Pierre Lungheretti &#8220;The comic strip, a new artistic and cultural frontier. 54 proposals for a renewed national policy.&#8221;<\/p>\n<p>This year, the Minister wants to organise events throughout the country: exhibitions, seminars,readings, contests&#8230; The mission will be carried out by the National Book Centre and the City of Comics in Angoul\u00eame. In other words, this year would be &#8220;an opportunity to highlight this art that is very popular in France and not sufficiently showcased in public institutions. It is also an opportunity to highlight the extraordinary artists that are comic book authors.&#8221;<\/p>\n<h2>Happy year of comics\u00a0!<\/h2>\n<p>More info :<\/p>\n<ul>\n<li><a href=\"http:\/\/www.citebd.org\">la Cit\u00e9 internationale de la bande dessin\u00e9e et de l&#8217;image &#8211; Toutes les activit\u00e9s et ressources de la Cit\u00e9 \u00e0 port\u00e9e de clic<\/a><\/li>\n<li><a href=\"https:\/\/centrenationaldulivre.fr\/\">CNL | Centre National du Livre<\/a><\/li>\n<li><a href=\"https:\/\/www.culture.gouv.fr\/Presse\/Discours\/Discours-de-Franck-Riester-ministre-de-la-Culture-prononce-a-l-occasion-de-la-46e-edition-du-Festival-International-de-la-Bande-Dessinee-d-Angoul\">Discours de Franck Riester, ministre de la Culture, prononc\u00e9 \u00e0 l&#8217;occasion de la 46e \u00e9dition du Festival International de la Bande Dessin\u00e9e d\u2019Angoul\u00eame<\/a><\/li>\n<li><a href=\"https:\/\/www.culture.gouv.fr\/Actualites\/La-bande-dessinee-nouvelle-frontiere-artistique-et-culturelle\">La bande dessin\u00e9e, nouvelle fronti\u00e8re artistique et culturelle<\/a><\/li>\n<li><a href=\"https:\/\/www.bd2020.culture.gouv.fr\/\">Accueil (culture.gouv.fr)<\/a> All the events about 9th art in France<\/li>\n<\/ul>\n","protected":false},"excerpt":{"rendered":"<p>At the initiative of the Ministry of Culture, 2020 was declared the &#8220;year of comics&#8221;.\u00a0A proposal to help the authors following the report of the director of the City of Comics.<\/p>\n","protected":false},"author":7,"featured_media":80350,"comment_status":"open","ping_status":"open","sticky":false,"template":"","format":"standard","meta":[],"categories":[71],"tags":[],"yoast_head":"<!-- This site is optimized with the Yoast SEO plugin v18.4.1 - https:\/\/yoast.com\/wordpress\/plugins\/seo\/ -->\n<title>Angoul\u00eame Ville Cr\u00e9ative<\/title>\n<meta name=\"description\" content=\"2020 French national year of Comics\u00a0!\" \/>\n<meta name=\"robots\" content=\"noindex, follow, max-snippet:-1, max-image-preview:large, max-video-preview:-1\" \/>\n<meta property=\"og:locale\" content=\"en_US\" \/>\n<meta property=\"og:type\" content=\"article\" \/>\n<meta property=\"og:title\" content=\"Angoul\u00eame Ville Cr\u00e9ative\" \/>\n<meta property=\"og:description\" content=\"2020 French national year of Comics\u00a0!\" \/>\n<meta property=\"og:url\" content=\"https:\/\/creativebd-angouleme.inovawork.net\/en\/news\/2020-french-national-year-of-comics\/\" \/>\n<meta property=\"og:site_name\" content=\"Angoul\u00eame Ville Cr\u00e9ative\" \/>\n<meta property=\"article:published_time\" content=\"2020-01-01T14:18:40+00:00\" \/>\n<meta property=\"article:modified_time\" content=\"2021-04-08T13:20:29+00:00\" \/>\n<meta property=\"og:image\" content=\"https:\/\/creativebd-angouleme.inovawork.net\/wp-content\/uploads\/2021\/04\/bd2020.jpg\" \/>\n\t<meta property=\"og:image:width\" content=\"1773\" \/>\n\t<meta property=\"og:image:height\" content=\"656\" \/>\n\t<meta property=\"og:image:type\" content=\"image\/jpeg\" \/>\n<meta name=\"twitter:card\" content=\"summary_large_image\" \/>\n<meta name=\"twitter:label1\" content=\"Written by\" \/>\n\t<meta name=\"twitter:data1\" content=\"Angoul\u00eame Ville Cr\u00e9ative\" \/>\n\t<meta name=\"twitter:label2\" content=\"Est. reading time\" \/>\n\t<meta name=\"twitter:data2\" content=\"2 minutes\" \/>\n<script type=\"application\/ld+json\" class=\"yoast-schema-graph\">{\"@context\":\"https:\/\/schema.org\",\"@graph\":[{\"@type\":\"Organization\",\"@id\":\"https:\/\/creativebd-angouleme.inovawork.net\/#organization\",\"name\":\"Mairie d'Angoul\u00eame\",\"url\":\"https:\/\/creativebd-angouleme.inovawork.net\/\",\"sameAs\":[],\"logo\":{\"@type\":\"ImageObject\",\"@id\":\"https:\/\/creativebd-angouleme.inovawork.net\/#logo\",\"inLanguage\":\"en-US\",\"url\":\"https:\/\/creativebd-angouleme.inovawork.net\/wp-content\/uploads\/2019\/12\/logo_angouleme_unesco.jpg\",\"contentUrl\":\"https:\/\/creativebd-angouleme.inovawork.net\/wp-content\/uploads\/2019\/12\/logo_angouleme_unesco.jpg\",\"width\":2079,\"height\":1060,\"caption\":\"Mairie d'Angoul\u00eame\"},\"image\":{\"@id\":\"https:\/\/creativebd-angouleme.inovawork.net\/#logo\"}},{\"@type\":\"WebSite\",\"@id\":\"https:\/\/creativebd-angouleme.inovawork.net\/#website\",\"url\":\"https:\/\/creativebd-angouleme.inovawork.net\/\",\"name\":\"Angoul\u00eame Ville Cr\u00e9ative\",\"description\":\"Angoul\u00eame Ville Cr\u00e9ative de l&#039;UNESCO\",\"publisher\":{\"@id\":\"https:\/\/creativebd-angouleme.inovawork.net\/#organization\"},\"potentialAction\":[{\"@type\":\"SearchAction\",\"target\":{\"@type\":\"EntryPoint\",\"urlTemplate\":\"https:\/\/creativebd-angouleme.inovawork.net\/?s={search_term_string}\"},\"query-input\":\"required name=search_term_string\"}],\"inLanguage\":\"en-US\"},{\"@type\":\"ImageObject\",\"@id\":\"https:\/\/creativebd-angouleme.inovawork.net\/en\/news\/2020-french-national-year-of-comics\/#primaryimage\",\"inLanguage\":\"en-US\",\"url\":\"https:\/\/creativebd-angouleme.inovawork.net\/wp-content\/uploads\/2021\/04\/bd2020.jpg\",\"contentUrl\":\"https:\/\/creativebd-angouleme.inovawork.net\/wp-content\/uploads\/2021\/04\/bd2020.jpg\",\"width\":1773,\"height\":656},{\"@type\":\"WebPage\",\"@id\":\"https:\/\/creativebd-angouleme.inovawork.net\/en\/news\/2020-french-national-year-of-comics\/#webpage\",\"url\":\"https:\/\/creativebd-angouleme.inovawork.net\/en\/news\/2020-french-national-year-of-comics\/\",\"name\":\"Angoul\u00eame Ville Cr\u00e9ative\",\"isPartOf\":{\"@id\":\"https:\/\/creativebd-angouleme.inovawork.net\/#website\"},\"primaryImageOfPage\":{\"@id\":\"https:\/\/creativebd-angouleme.inovawork.net\/en\/news\/2020-french-national-year-of-comics\/#primaryimage\"},\"datePublished\":\"2020-01-01T14:18:40+00:00\",\"dateModified\":\"2021-04-08T13:20:29+00:00\",\"description\":\"2020 French national year of Comics\u00a0!\",\"breadcrumb\":{\"@id\":\"https:\/\/creativebd-angouleme.inovawork.net\/en\/news\/2020-french-national-year-of-comics\/#breadcrumb\"},\"inLanguage\":\"en-US\",\"potentialAction\":[{\"@type\":\"ReadAction\",\"target\":[\"https:\/\/creativebd-angouleme.inovawork.net\/en\/news\/2020-french-national-year-of-comics\/\"]}]},{\"@type\":\"BreadcrumbList\",\"@id\":\"https:\/\/creativebd-angouleme.inovawork.net\/en\/news\/2020-french-national-year-of-comics\/#breadcrumb\",\"itemListElement\":[{\"@type\":\"ListItem\",\"position\":1,\"name\":\"Accueil\",\"item\":\"https:\/\/creativebd-angouleme.inovawork.net\/en\/\"},{\"@type\":\"ListItem\",\"position\":2,\"name\":\"Actualit\u00e9s\",\"item\":\"https:\/\/creativebd-angouleme.inovawork.net\/category\/actualites\/\"},{\"@type\":\"ListItem\",\"position\":3,\"name\":\"2020 French national year of Comics\u00a0!\"}]},{\"@type\":\"Article\",\"@id\":\"https:\/\/creativebd-angouleme.inovawork.net\/en\/news\/2020-french-national-year-of-comics\/#article\",\"isPartOf\":{\"@id\":\"https:\/\/creativebd-angouleme.inovawork.net\/en\/news\/2020-french-national-year-of-comics\/#webpage\"},\"author\":{\"@id\":\"https:\/\/creativebd-angouleme.inovawork.net\/#\/schema\/person\/69be8dd928011ad3dd8ccd87dc7136eb\"},\"headline\":\"2020 French national year of Comics\u00a0!\",\"datePublished\":\"2020-01-01T14:18:40+00:00\",\"dateModified\":\"2021-04-08T13:20:29+00:00\",\"mainEntityOfPage\":{\"@id\":\"https:\/\/creativebd-angouleme.inovawork.net\/en\/news\/2020-french-national-year-of-comics\/#webpage\"},\"wordCount\":249,\"commentCount\":0,\"publisher\":{\"@id\":\"https:\/\/creativebd-angouleme.inovawork.net\/#organization\"},\"image\":{\"@id\":\"https:\/\/creativebd-angouleme.inovawork.net\/en\/news\/2020-french-national-year-of-comics\/#primaryimage\"},\"thumbnailUrl\":\"https:\/\/creativebd-angouleme.inovawork.net\/wp-content\/uploads\/2021\/04\/bd2020.jpg\",\"articleSection\":[\"News\"],\"inLanguage\":\"en-US\",\"potentialAction\":[{\"@type\":\"CommentAction\",\"name\":\"Comment\",\"target\":[\"https:\/\/creativebd-angouleme.inovawork.net\/en\/news\/2020-french-national-year-of-comics\/#respond\"]}]},{\"@type\":\"Person\",\"@id\":\"https:\/\/creativebd-angouleme.inovawork.net\/#\/schema\/person\/69be8dd928011ad3dd8ccd87dc7136eb\",\"name\":\"Angoul\u00eame Ville Cr\u00e9ative\",\"image\":{\"@type\":\"ImageObject\",\"@id\":\"https:\/\/creativebd-angouleme.inovawork.net\/#personlogo\",\"inLanguage\":\"en-US\",\"url\":\"https:\/\/secure.gravatar.com\/avatar\/6854d893298d69eed2c5192cc3c9cb33?s=96&d=mm&r=g\",\"contentUrl\":\"https:\/\/secure.gravatar.com\/avatar\/6854d893298d69eed2c5192cc3c9cb33?s=96&d=mm&r=g\",\"caption\":\"Angoul\u00eame Ville Cr\u00e9ative\"},\"url\":\"https:\/\/creativebd-angouleme.inovawork.net\/en\/author\/brunov\/\"}]}<\/script>\n<!-- \/ Yoast SEO plugin. -->","yoast_head_json":{"title":"Angoul\u00eame Ville Cr\u00e9ative","description":"2020 French national year of Comics\u00a0!","robots":{"index":"noindex","follow":"follow","max-snippet":"max-snippet:-1","max-image-preview":"max-image-preview:large","max-video-preview":"max-video-preview:-1"},"og_locale":"en_US","og_type":"article","og_title":"Angoul\u00eame Ville Cr\u00e9ative","og_description":"2020 French national year of Comics\u00a0!","og_url":"https:\/\/creativebd-angouleme.inovawork.net\/en\/news\/2020-french-national-year-of-comics\/","og_site_name":"Angoul\u00eame Ville Cr\u00e9ative","article_published_time":"2020-01-01T14:18:40+00:00","article_modified_time":"2021-04-08T13:20:29+00:00","og_image":[{"width":1773,"height":656,"url":"https:\/\/creativebd-angouleme.inovawork.net\/wp-content\/uploads\/2021\/04\/bd2020.jpg","type":"image\/jpeg"}],"twitter_card":"summary_large_image","twitter_misc":{"Written by":"Angoul\u00eame Ville Cr\u00e9ative","Est. reading time":"2 minutes"},"schema":{"@context":"https:\/\/schema.org","@graph":[{"@type":"Organization","@id":"https:\/\/creativebd-angouleme.inovawork.net\/#organization","name":"Mairie d'Angoul\u00eame","url":"https:\/\/creativebd-angouleme.inovawork.net\/","sameAs":[],"logo":{"@type":"ImageObject","@id":"https:\/\/creativebd-angouleme.inovawork.net\/#logo","inLanguage":"en-US","url":"https:\/\/creativebd-angouleme.inovawork.net\/wp-content\/uploads\/2019\/12\/logo_angouleme_unesco.jpg","contentUrl":"https:\/\/creativebd-angouleme.inovawork.net\/wp-content\/uploads\/2019\/12\/logo_angouleme_unesco.jpg","width":2079,"height":1060,"caption":"Mairie d'Angoul\u00eame"},"image":{"@id":"https:\/\/creativebd-angouleme.inovawork.net\/#logo"}},{"@type":"WebSite","@id":"https:\/\/creativebd-angouleme.inovawork.net\/#website","url":"https:\/\/creativebd-angouleme.inovawork.net\/","name":"Angoul\u00eame Ville Cr\u00e9ative","description":"Angoul\u00eame Ville Cr\u00e9ative de l&#039;UNESCO","publisher":{"@id":"https:\/\/creativebd-angouleme.inovawork.net\/#organization"},"potentialAction":[{"@type":"SearchAction","target":{"@type":"EntryPoint","urlTemplate":"https:\/\/creativebd-angouleme.inovawork.net\/?s={search_term_string}"},"query-input":"required name=search_term_string"}],"inLanguage":"en-US"},{"@type":"ImageObject","@id":"https:\/\/creativebd-angouleme.inovawork.net\/en\/news\/2020-french-national-year-of-comics\/#primaryimage","inLanguage":"en-US","url":"https:\/\/creativebd-angouleme.inovawork.net\/wp-content\/uploads\/2021\/04\/bd2020.jpg","contentUrl":"https:\/\/creativebd-angouleme.inovawork.net\/wp-content\/uploads\/2021\/04\/bd2020.jpg","width":1773,"height":656},{"@type":"WebPage","@id":"https:\/\/creativebd-angouleme.inovawork.net\/en\/news\/2020-french-national-year-of-comics\/#webpage","url":"https:\/\/creativebd-angouleme.inovawork.net\/en\/news\/2020-french-national-year-of-comics\/","name":"Angoul\u00eame Ville Cr\u00e9ative","isPartOf":{"@id":"https:\/\/creativebd-angouleme.inovawork.net\/#website"},"primaryImageOfPage":{"@id":"https:\/\/creativebd-angouleme.inovawork.net\/en\/news\/2020-french-national-year-of-comics\/#primaryimage"},"datePublished":"2020-01-01T14:18:40+00:00","dateModified":"2021-04-08T13:20:29+00:00","description":"2020 French national year of Comics\u00a0!","breadcrumb":{"@id":"https:\/\/creativebd-angouleme.inovawork.net\/en\/news\/2020-french-national-year-of-comics\/#breadcrumb"},"inLanguage":"en-US","potentialAction":[{"@type":"ReadAction","target":["https:\/\/creativebd-angouleme.inovawork.net\/en\/news\/2020-french-national-year-of-comics\/"]}]},{"@type":"BreadcrumbList","@id":"https:\/\/creativebd-angouleme.inovawork.net\/en\/news\/2020-french-national-year-of-comics\/#breadcrumb","itemListElement":[{"@type":"ListItem","position":1,"name":"Accueil","item":"https:\/\/creativebd-angouleme.inovawork.net\/en\/"},{"@type":"ListItem","position":2,"name":"Actualit\u00e9s","item":"https:\/\/creativebd-angouleme.inovawork.net\/category\/actualites\/"},{"@type":"ListItem","position":3,"name":"2020 French national year of Comics\u00a0!"}]},{"@type":"Article","@id":"https:\/\/creativebd-angouleme.inovawork.net\/en\/news\/2020-french-national-year-of-comics\/#article","isPartOf":{"@id":"https:\/\/creativebd-angouleme.inovawork.net\/en\/news\/2020-french-national-year-of-comics\/#webpage"},"author":{"@id":"https:\/\/creativebd-angouleme.inovawork.net\/#\/schema\/person\/69be8dd928011ad3dd8ccd87dc7136eb"},"headline":"2020 French national year of Comics\u00a0!","datePublished":"2020-01-01T14:18:40+00:00","dateModified":"2021-04-08T13:20:29+00:00","mainEntityOfPage":{"@id":"https:\/\/creativebd-angouleme.inovawork.net\/en\/news\/2020-french-national-year-of-comics\/#webpage"},"wordCount":249,"commentCount":0,"publisher":{"@id":"https:\/\/creativebd-angouleme.inovawork.net\/#organization"},"image":{"@id":"https:\/\/creativebd-angouleme.inovawork.net\/en\/news\/2020-french-national-year-of-comics\/#primaryimage"},"thumbnailUrl":"https:\/\/creativebd-angouleme.inovawork.net\/wp-content\/uploads\/2021\/04\/bd2020.jpg","articleSection":["News"],"inLanguage":"en-US","potentialAction":[{"@type":"CommentAction","name":"Comment","target":["https:\/\/creativebd-angouleme.inovawork.net\/en\/news\/2020-french-national-year-of-comics\/#respond"]}]},{"@type":"Person","@id":"https:\/\/creativebd-angouleme.inovawork.net\/#\/schema\/person\/69be8dd928011ad3dd8ccd87dc7136eb","name":"Angoul\u00eame Ville Cr\u00e9ative","image":{"@type":"ImageObject","@id":"https:\/\/creativebd-angouleme.inovawork.net\/#personlogo","inLanguage":"en-US","url":"https:\/\/secure.gravatar.com\/avatar\/6854d893298d69eed2c5192cc3c9cb33?s=96&d=mm&r=g","contentUrl":"https:\/\/secure.gravatar.com\/avatar\/6854d893298d69eed2c5192cc3c9cb33?s=96&d=mm&r=g","caption":"Angoul\u00eame Ville Cr\u00e9ative"},"url":"https:\/\/creativebd-angouleme.inovawork.net\/en\/author\/brunov\/"}]}},"_links":{"self":[{"href":"https:\/\/creativebd-angouleme.inovawork.net\/en\/wp-json\/wp\/v2\/posts\/80352"}],"collection":[{"href":"https:\/\/creativebd-angouleme.inovawork.net\/en\/wp-json\/wp\/v2\/posts"}],"about":[{"href":"https:\/\/creativebd-angouleme.inovawork.net\/en\/wp-json\/wp\/v2\/types\/post"}],"author":[{"embeddable":true,"href":"https:\/\/creativebd-angouleme.inovawork.net\/en\/wp-json\/wp\/v2\/users\/7"}],"replies":[{"embeddable":true,"href":"https:\/\/creativebd-angouleme.inovawork.net\/en\/wp-json\/wp\/v2\/comments?post=80352"}],"version-history":[{"count":2,"href":"https:\/\/creativebd-angouleme.inovawork.net\/en\/wp-json\/wp\/v2\/posts\/80352\/revisions"}],"predecessor-version":[{"id":80354,"href":"https:\/\/creativebd-angouleme.inovawork.net\/en\/wp-json\/wp\/v2\/posts\/80352\/revisions\/80354"}],"wp:featuredmedia":[{"embeddable":true,"href":"https:\/\/creativebd-angouleme.inovawork.net\/en\/wp-json\/wp\/v2\/media\/80350"}],"wp:attachment":[{"href":"https:\/\/creativebd-angouleme.inovawork.net\/en\/wp-json\/wp\/v2\/media?parent=80352"}],"wp:term":[{"taxonomy":"category","embeddable":true,"href":"https:\/\/creativebd-angouleme.inovawork.net\/en\/wp-json\/wp\/v2\/categories?post=80352"},{"taxonomy":"post_tag","embeddable":true,"href":"https:\/\/creativebd-angouleme.inovawork.net\/en\/wp-json\/wp\/v2\/tags?post=80352"}],"curies":[{"name":"wp","href":"https:\/\/api.w.org\/{rel}","templated":true}]}}