{"id":79237,"date":"2019-05-15T15:51:33","date_gmt":"2019-05-15T13:51:33","guid":{"rendered":"https:\/\/creativebd-angouleme.inovawork.net\/?p=79237"},"modified":"2021-03-16T14:40:04","modified_gmt":"2021-03-16T13:40:04","slug":"angouleme-candidate-for-the-unesco-creative-cities-network","status":"publish","type":"post","link":"https:\/\/creativebd-angouleme.inovawork.net\/en\/news\/angouleme-candidate-for-the-unesco-creative-cities-network\/","title":{"rendered":"Angoul\u00eame, candidate for the UNESCO creative cities network!"},"content":{"rendered":"<p>[vc_row][vc_column][vc_column_text]Angoul\u00eame wishes to join the 180 creative cities of UNESCO and in particular those of the &#8220;Literature&#8221; category in order to have this identity recognized comic which is its own, built on an ancient and innovative experience.<br \/>\n<!--more--><br \/>\nAlmost 18 months will have been required to ripen Angoul\u00eame&#8217;s candidature to the UNESCO creative cities network. Intense local mobilization was undertaken around established bodies for the occasion:<\/p>\n<ul>\n<li>a technical Committee which associates the operational organisations of the comic strip angoumoisine (festivals, schools, development centre, representatives of the authors, museums&#8230;) as well as representatives of the public institutions in order to build the plan multi-year shares for 2019-2023<\/li>\n<li>a strategic Committee responsible for guiding and validating the approach<\/li>\n<li>a scientific Committee composed around the Mayor of the directors of the international comic strip Festival, the international city of comic strip and the image (CIBDI) and the European high school of the image (EESI) which advises the general strategy of the gait.<\/li>\n<\/ul>\n<p>Moreover, in relation to the local mobilization of the forces, a close work with the French National Commission of UNESCO has been committed to build this nomination according to the main objectives of sustainable development of UNESCO and the Network&#8217;s expectations.<\/p>\n<div class=\"video-container\"><iframe src=\"https:\/\/www.youtube.com\/embed\/_TnKQ8_Wi04\" width=\"560\" height=\"315\" frameborder=\"0\" allowfullscreen=\"allowfullscreen\"><\/iframe><\/div>\n<p>The Mayor of Angoul\u00eame also met the member cities of the network to take advantage of their experience within the CCNU but also to present the 9 proposals of the Angoul\u00eame action plan to the network. The French cities (Enghien-les-Bains, Limoges, Saint-Etienne), European (Barcelona, Prague, Milan, Ljubjana, Krakow and Edinburgh) and even Quebec and Montreal were very sensitive to the complementarity of Angoul\u00eame&#8217;s proposals with the actions of the network. A number of projects have already been planned with some of these cities!<\/p>\n<div id=\"wk-gridc64\" class=\"uk-grid-width-1-1 uk-grid-width-small-1-2 uk-grid-width-medium-1-3 \" data-uk-grid=\"{gutter: ' 20'}\" >\n\n    \n    <div>\n    \n<div class=\"uk-panel uk-panel-box\">\n\n    <div class=\"uk-panel-teaser\">\n\n        <figure class=\"uk-overlay uk-overlay-hover \">\n\n            <img src=\"\/wp-content\/uploads\/2019\/05\/HERGE-ANGOULEME_04_1977.jpg\" class=\"uk-overlay-scale\" alt=\"HERGE ANGOULEME 04 1977\" width=\"766\" height=\"1155\">\n            \n                        <div class=\"uk-overlay-panel uk-overlay-background uk-overlay-fade\"><\/div>\n            \n                            <div class=\"uk-overlay-panel uk-overlay-icon uk-overlay-fade\"><\/div>\n            \n                                                                        <a class=\"uk-position-cover\" href=\"\/wp-content\/uploads\/2019\/05\/HERGE-ANGOULEME_04_1977.jpg\" data-lightbox-type=\"image\" data-uk-lightbox=\"{group:'.wk-1c64'}\" ><\/a>\n                                                \n        <\/figure>\n\n    <\/div>\n\n    \n        \n        \n    \n<\/div>\n    <\/div>\n\n        \n    <div>\n    \n<div class=\"uk-panel uk-panel-box\">\n\n    <div class=\"uk-panel-teaser\">\n\n        <figure class=\"uk-overlay uk-overlay-hover \">\n\n            <img src=\"\/wp-content\/uploads\/2019\/05\/mus%C3%A9e-civilisation-qu%C3%A9bec-e1557989741178.jpg\" class=\"uk-overlay-scale\" alt=\"Mus\u00e9e Civilisation Qu\u00e9bec\">\n            \n                        <div class=\"uk-overlay-panel uk-overlay-background uk-overlay-fade\"><\/div>\n            \n                            <div class=\"uk-overlay-panel uk-overlay-icon uk-overlay-fade\"><\/div>\n            \n                                                                        <a class=\"uk-position-cover\" href=\"\/wp-content\/uploads\/2019\/05\/mus%C3%A9e-civilisation-qu%C3%A9bec-e1557989741178.jpg\" data-lightbox-type=\"image\" data-uk-lightbox=\"{group:'.wk-1c64'}\" title=\"Co-productions and exchange of exhibitions will be possible here with the Mus\u00e9e de la Civilization de Qu\u00e9bec\n\"><\/a>\n                                                \n        <\/figure>\n\n    <\/div>\n\n    \n        \n                <div><p>Co-productions and exchange of exhibitions will be possible here with the Mus\u00e9e de la Civilization de Qu\u00e9bec<\/p>\n<\/div>\n        \n    \n<\/div>\n    <\/div>\n\n        \n    <div>\n    \n<div class=\"uk-panel uk-panel-box\">\n\n    <div class=\"uk-panel-teaser\">\n\n        <figure class=\"uk-overlay uk-overlay-hover \">\n\n            <img src=\"\/wp-content\/uploads\/2019\/05\/maison-litterature-quebec.jpg\" class=\"uk-overlay-scale\" alt=\"Maison Litterature  Quebec\" width=\"1500\" height=\"844\">\n            \n                        <div class=\"uk-overlay-panel uk-overlay-background uk-overlay-fade\"><\/div>\n            \n                            <div class=\"uk-overlay-panel uk-overlay-icon uk-overlay-fade\"><\/div>\n            \n                                                                        <a class=\"uk-position-cover\" href=\"\/wp-content\/uploads\/2019\/05\/maison-litterature-quebec.jpg\" data-lightbox-type=\"image\" data-uk-lightbox=\"{group:'.wk-1c64'}\" title=\"The reception of international BD artists in residence will contribute to enrich the creation\n\"><\/a>\n                                                \n        <\/figure>\n\n    <\/div>\n\n    \n        \n                <div><p>The reception of international BD artists in residence will contribute to enrich the creation<\/p>\n<\/div>\n        \n    \n<\/div>\n    <\/div>\n\n        \n    <div>\n    \n<div class=\"uk-panel uk-panel-box\">\n\n    <div class=\"uk-panel-teaser\">\n\n        <figure class=\"uk-overlay uk-overlay-hover \">\n\n            <img src=\"\/wp-content\/uploads\/2019\/05\/Maire-gare-SNCF-2019.jpg\" class=\"uk-overlay-scale\" alt=\"Maire Gare SNCF 2019\" width=\"1500\" height=\"2667\">\n            \n                        <div class=\"uk-overlay-panel uk-overlay-background uk-overlay-fade\"><\/div>\n            \n                            <div class=\"uk-overlay-panel uk-overlay-icon uk-overlay-fade\"><\/div>\n            \n                                                                        <a class=\"uk-position-cover\" href=\"\/wp-content\/uploads\/2019\/05\/Maire-gare-SNCF-2019.jpg\" data-lightbox-type=\"image\" data-uk-lightbox=\"{group:'.wk-1c64'}\" title=\"As soon as you arrive in Angoul\u00eame station, you enter the world of comics\n\"><\/a>\n                                                \n        <\/figure>\n\n    <\/div>\n\n    \n        \n                <div><p>As soon as you arrive in Angoul\u00eame station, you enter the world of comics<\/p>\n<\/div>\n        \n    \n<\/div>\n    <\/div>\n\n        \n    <div>\n    \n<div class=\"uk-panel uk-panel-box\">\n\n    <div class=\"uk-panel-teaser\">\n\n        <figure class=\"uk-overlay uk-overlay-hover \">\n\n            <img src=\"\/wp-content\/uploads\/2019\/05\/Angouleme-RVCU-memoire-du-XX-ciel-Yslaire-.jpg\" class=\"uk-overlay-scale\" alt=\"Angouleme RVCU Memoire Du XX Ciel Yslaire \" width=\"1500\" height=\"997\">\n            \n                        <div class=\"uk-overlay-panel uk-overlay-background uk-overlay-fade\"><\/div>\n            \n                            <div class=\"uk-overlay-panel uk-overlay-icon uk-overlay-fade\"><\/div>\n            \n                                                                        <a class=\"uk-position-cover\" href=\"\/wp-content\/uploads\/2019\/05\/Angouleme-RVCU-memoire-du-XX-ciel-Yslaire-.jpg\" data-lightbox-type=\"image\" data-uk-lightbox=\"{group:'.wk-1c64'}\" title=\"Statue of Corto Maltese, famous character of cartoonist Hugo Pratt in front of the Comic Strip Museum\n\"><\/a>\n                                                \n        <\/figure>\n\n    <\/div>\n\n    \n        \n                <div><p>Statue of Corto Maltese, famous character of cartoonist Hugo Pratt in front of the Comic Strip Museum<\/p>\n<\/div>\n        \n    \n<\/div>\n    <\/div>\n\n        \n    <div>\n    \n<div class=\"uk-panel uk-panel-box\">\n\n    <div class=\"uk-panel-teaser\">\n\n        <figure class=\"uk-overlay uk-overlay-hover \">\n\n            <img src=\"\/wp-content\/uploads\/2019\/05\/Angouleme-RVCU-2-memoire-du-XX-ciel-Yslaire-.jpg\" class=\"uk-overlay-scale\" alt=\"Angouleme RVCU 2 Memoire Du XX Ciel Yslaire \" width=\"1500\" height=\"997\">\n            \n                        <div class=\"uk-overlay-panel uk-overlay-background uk-overlay-fade\"><\/div>\n            \n                            <div class=\"uk-overlay-panel uk-overlay-icon uk-overlay-fade\"><\/div>\n            \n                                                                        <a class=\"uk-position-cover\" href=\"\/wp-content\/uploads\/2019\/05\/Angouleme-RVCU-2-memoire-du-XX-ciel-Yslaire-.jpg\" data-lightbox-type=\"image\" data-uk-lightbox=\"{group:'.wk-1c64'}\" title=\"The route of the 28 walls BD plays with the architecture here with the designer Yslaire: Memories of the XXth Heaven\n\"><\/a>\n                                                \n        <\/figure>\n\n    <\/div>\n\n    \n        \n                <div><p>The route of the 28 walls BD plays with the architecture here with the designer Yslaire: Memories of the XXth Heaven<\/p>\n<\/div>\n        \n    \n<\/div>\n    <\/div>\n\n        \n    <div>\n    \n<div class=\"uk-panel uk-panel-box\">\n\n    <div class=\"uk-panel-teaser\">\n\n        <figure class=\"uk-overlay uk-overlay-hover \">\n\n            <img src=\"\/wp-content\/uploads\/2019\/05\/projet-odyse%CC%81e-Riesterr.jpg\" class=\"uk-overlay-scale\" alt=\"Projet Odyse\u0301e Riesterr\">\n            \n                        <div class=\"uk-overlay-panel uk-overlay-background uk-overlay-fade\"><\/div>\n            \n                            <div class=\"uk-overlay-panel uk-overlay-icon uk-overlay-fade\"><\/div>\n            \n                                                                        <a class=\"uk-position-cover\" href=\"\/wp-content\/uploads\/2019\/05\/projet-odyse%CC%81e-Riesterr.jpg\" data-lightbox-type=\"image\" data-uk-lightbox=\"{group:'.wk-1c64'}\" title=\"Franck Riester inaugurates the Odyss\u00e9e project to raise awareness among young people about heritage through comics\n\"><\/a>\n                                                \n        <\/figure>\n\n    <\/div>\n\n    \n        \n                <div><p>Franck Riester inaugurates the Odyss\u00e9e project to raise awareness among young people about heritage through comics<\/p>\n<\/div>\n        \n    \n<\/div>\n    <\/div>\n\n        \n    <div>\n    \n<div class=\"uk-panel uk-panel-box\">\n\n    <div class=\"uk-panel-teaser\">\n\n        <figure class=\"uk-overlay uk-overlay-hover \">\n\n            <img src=\"\/wp-content\/uploads\/2019\/05\/maire-que%CC%81bec-.jpg\" class=\"uk-overlay-scale\" alt=\"Maire Que\u0301bec \">\n            \n                        <div class=\"uk-overlay-panel uk-overlay-background uk-overlay-fade\"><\/div>\n            \n                            <div class=\"uk-overlay-panel uk-overlay-icon uk-overlay-fade\"><\/div>\n            \n                                                                        <a class=\"uk-position-cover\" href=\"\/wp-content\/uploads\/2019\/05\/maire-que%CC%81bec-.jpg\" data-lightbox-type=\"image\" data-uk-lightbox=\"{group:'.wk-1c64'}\" title=\"With the City of Quebec, it is the stake of the Francophonie which is approached\n\"><\/a>\n                                                \n        <\/figure>\n\n    <\/div>\n\n    \n        \n                <div><p>With the City of Quebec, it is the stake of the Francophonie which is approached<\/p>\n<\/div>\n        \n    \n<\/div>\n    <\/div>\n\n        \n    <div>\n    \n<div class=\"uk-panel uk-panel-box\">\n\n    <div class=\"uk-panel-teaser\">\n\n        <figure class=\"uk-overlay uk-overlay-hover \">\n\n            <img src=\"\/wp-content\/uploads\/2019\/05\/festival-sousse.jpg\" class=\"uk-overlay-scale\" alt=\"Festival  Sousse\" width=\"1500\" height=\"844\">\n            \n                        <div class=\"uk-overlay-panel uk-overlay-background uk-overlay-fade\"><\/div>\n            \n                            <div class=\"uk-overlay-panel uk-overlay-icon uk-overlay-fade\"><\/div>\n            \n                                                                        <a class=\"uk-position-cover\" href=\"\/wp-content\/uploads\/2019\/05\/festival-sousse.jpg\" data-lightbox-type=\"image\" data-uk-lightbox=\"{group:'.wk-1c64'}\" title=\"Angoul\u00eame supports the creation of the 1st International Comics Festival in Sousse (Tunisia)\n\"><\/a>\n                                                \n        <\/figure>\n\n    <\/div>\n\n    \n        \n                <div><p>Angoul\u00eame supports the creation of the 1st International Comics Festival in Sousse (Tunisia)<\/p>\n<\/div>\n        \n    \n<\/div>\n    <\/div>\n\n        \n    <div>\n    \n<div class=\"uk-panel uk-panel-box\">\n\n    <div class=\"uk-panel-teaser\">\n\n        <figure class=\"uk-overlay uk-overlay-hover \">\n\n            <img src=\"\/wp-content\/uploads\/2019\/05\/Janicot.jpg\" class=\"uk-overlay-scale\" alt=\"Janicot\" width=\"800\" height=\"450\">\n            \n                        <div class=\"uk-overlay-panel uk-overlay-background uk-overlay-fade\"><\/div>\n            \n                            <div class=\"uk-overlay-panel uk-overlay-icon uk-overlay-fade\"><\/div>\n            \n                                                                        <a class=\"uk-position-cover\" href=\"\/wp-content\/uploads\/2019\/05\/Janicot.jpg\" data-lightbox-type=\"image\" data-uk-lightbox=\"{group:'.wk-1c64'}\" title=\"The candidature of Angoul\u00eame was built in connection with Daniel Janicot and the French National Commission of UNESCO\n\"><\/a>\n                                                \n        <\/figure>\n\n    <\/div>\n\n    \n        \n                <div><p>The candidature of Angoul\u00eame was built in connection with Daniel Janicot and the French National Commission of UNESCO<\/p>\n<\/div>\n        \n    \n<\/div>\n    <\/div>\n\n        \n    <div>\n    \n<div class=\"uk-panel uk-panel-box\">\n\n    <div class=\"uk-panel-teaser\">\n\n        <figure class=\"uk-overlay uk-overlay-hover \">\n\n            <img src=\"\/wp-content\/uploads\/2019\/05\/auteurs-edimbourg.jpg\" class=\"uk-overlay-scale\" alt=\"Auteurs Edimbourg\" width=\"800\" height=\"1067\">\n            \n                        <div class=\"uk-overlay-panel uk-overlay-background uk-overlay-fade\"><\/div>\n            \n                            <div class=\"uk-overlay-panel uk-overlay-icon uk-overlay-fade\"><\/div>\n            \n                                                                        <a class=\"uk-position-cover\" href=\"\/wp-content\/uploads\/2019\/05\/auteurs-edimbourg.jpg\" data-lightbox-type=\"image\" data-uk-lightbox=\"{group:'.wk-1c64'}\" title=\"Good exchange with the community of Scottish comic writers\n\"><\/a>\n                                                \n        <\/figure>\n\n    <\/div>\n\n    \n        \n                <div><p>Good exchange with the community of Scottish comic writers<\/p>\n<\/div>\n        \n    \n<\/div>\n    <\/div>\n\n        \n    <div>\n    \n<div class=\"uk-panel uk-panel-box\">\n\n    <div class=\"uk-panel-teaser\">\n\n        <figure class=\"uk-overlay uk-overlay-hover \">\n\n            <img src=\"\/wp-content\/uploads\/2019\/05\/cracovie.jpg\" class=\"uk-overlay-scale\" alt=\"Cracovie\" width=\"1000\" height=\"563\">\n            \n                        <div class=\"uk-overlay-panel uk-overlay-background uk-overlay-fade\"><\/div>\n            \n                            <div class=\"uk-overlay-panel uk-overlay-icon uk-overlay-fade\"><\/div>\n            \n                                                                        <a class=\"uk-position-cover\" href=\"\/wp-content\/uploads\/2019\/05\/cracovie.jpg\" data-lightbox-type=\"image\" data-uk-lightbox=\"{group:'.wk-1c64'}\" title=\"In Krakow, the creation of a comic strip museum and participation in the Festival are planned\n\"><\/a>\n                                                \n        <\/figure>\n\n    <\/div>\n\n    \n        \n                <div><p>In Krakow, the creation of a comic strip museum and participation in the Festival are planned<\/p>\n<\/div>\n        \n    \n<\/div>\n    <\/div>\n\n        \n    <div>\n    \n<div class=\"uk-panel uk-panel-box\">\n\n    <div class=\"uk-panel-teaser\">\n\n        <figure class=\"uk-overlay uk-overlay-hover \">\n\n            <img src=\"\/wp-content\/uploads\/2019\/05\/lord-prevot-edimbourg.jpg\" class=\"uk-overlay-scale\" alt=\"Lord Prevot Edimbourg\" width=\"800\" height=\"450\">\n            \n                        <div class=\"uk-overlay-panel uk-overlay-background uk-overlay-fade\"><\/div>\n            \n                            <div class=\"uk-overlay-panel uk-overlay-icon uk-overlay-fade\"><\/div>\n            \n                                                                        <a class=\"uk-position-cover\" href=\"\/wp-content\/uploads\/2019\/05\/lord-prevot-edimbourg.jpg\" data-lightbox-type=\"image\" data-uk-lightbox=\"{group:'.wk-1c64'}\" title=\"The City of Edinburgh is sensitive to Angouleme&#8217;s candidacy\n\"><\/a>\n                                                \n        <\/figure>\n\n    <\/div>\n\n    \n        \n                <div><p>The City of Edinburgh is sensitive to Angouleme&#8217;s candidacy<\/p>\n<\/div>\n        \n    \n<\/div>\n    <\/div>\n\n    \n<\/div>\n\n\n<script>\n(function($){\n\n    \/\/ get the images of the gallery and replace it by a canvas of the same size to fix the problem with overlapping images on load.\n    $('img[width][height]:not(.uk-overlay-panel)', $('#wk-gridc64')).each(function() {\n\n        var $img = $(this);\n\n        if (this.width == 'auto' || this.height == 'auto' || !$img.is(':visible')) {\n            return;\n        }\n\n        var $canvas = $('<canvas class=\"uk-responsive-width\"><\/canvas>').attr({width:$img.attr('width'), height:$img.attr('height')}),\n            img = new Image,\n            release = function() {\n                $canvas.remove();\n                $img.css('display', '');\n                release = function(){};\n            };\n\n        $img.css('display', 'none').after($canvas);\n\n        $(img).on('load', function(){ release(); });\n        setTimeout(function(){ release(); }, 1000);\n\n        img.src = this.src;\n\n    });\n\n})(jQuery);\n<\/script>\n[\/vc_column_text][\/vc_column][\/vc_row]<\/p>\n","protected":false},"excerpt":{"rendered":"<p>Angoul\u00eame wishes to join the 180 creative cities of UNESCO and in particular those of the &#8220;Literature&#8221; category in order to have this identity recognized comic which is its own, built on an ancient and innovative experience.<\/p>\n","protected":false},"author":2,"featured_media":79207,"comment_status":"open","ping_status":"open","sticky":false,"template":"","format":"standard","meta":[],"categories":[71],"tags":[],"yoast_head":"<!-- This site is optimized with the Yoast SEO plugin v18.4.1 - https:\/\/yoast.com\/wordpress\/plugins\/seo\/ -->\n<title>Angoul\u00eame Ville Cr\u00e9ative<\/title>\n<meta name=\"description\" content=\"Angoul\u00eame, candidate for the UNESCO creative cities network!\" \/>\n<meta name=\"robots\" content=\"noindex, follow, max-snippet:-1, max-image-preview:large, max-video-preview:-1\" \/>\n<meta property=\"og:locale\" content=\"en_US\" \/>\n<meta property=\"og:type\" content=\"article\" \/>\n<meta property=\"og:title\" content=\"Angoul\u00eame Ville Cr\u00e9ative\" \/>\n<meta property=\"og:description\" content=\"Angoul\u00eame, candidate for the UNESCO creative cities network!\" \/>\n<meta property=\"og:url\" content=\"https:\/\/creativebd-angouleme.inovawork.net\/en\/news\/angouleme-candidate-for-the-unesco-creative-cities-network\/\" \/>\n<meta property=\"og:site_name\" content=\"Angoul\u00eame Ville Cr\u00e9ative\" \/>\n<meta property=\"article:published_time\" content=\"2019-05-15T13:51:33+00:00\" \/>\n<meta property=\"article:modified_time\" content=\"2021-03-16T13:40:04+00:00\" \/>\n<meta property=\"og:image\" content=\"https:\/\/creativebd-angouleme.inovawork.net\/wp-content\/uploads\/2019\/05\/mus\u00e9e-civilisation-qu\u00e9bec-e1557989741178.jpg\" \/>\n\t<meta property=\"og:image:width\" content=\"2000\" \/>\n\t<meta property=\"og:image:height\" content=\"1125\" \/>\n\t<meta property=\"og:image:type\" content=\"image\/jpeg\" \/>\n<meta name=\"twitter:card\" content=\"summary_large_image\" \/>\n<meta name=\"twitter:label1\" content=\"Written by\" \/>\n\t<meta name=\"twitter:data1\" content=\"aLx\" \/>\n\t<meta name=\"twitter:label2\" content=\"Est. reading time\" \/>\n\t<meta name=\"twitter:data2\" content=\"2 minutes\" \/>\n<script type=\"application\/ld+json\" class=\"yoast-schema-graph\">{\"@context\":\"https:\/\/schema.org\",\"@graph\":[{\"@type\":\"Organization\",\"@id\":\"https:\/\/creativebd-angouleme.inovawork.net\/#organization\",\"name\":\"Mairie d'Angoul\u00eame\",\"url\":\"https:\/\/creativebd-angouleme.inovawork.net\/\",\"sameAs\":[],\"logo\":{\"@type\":\"ImageObject\",\"@id\":\"https:\/\/creativebd-angouleme.inovawork.net\/#logo\",\"inLanguage\":\"en-US\",\"url\":\"https:\/\/creativebd-angouleme.inovawork.net\/wp-content\/uploads\/2019\/12\/logo_angouleme_unesco.jpg\",\"contentUrl\":\"https:\/\/creativebd-angouleme.inovawork.net\/wp-content\/uploads\/2019\/12\/logo_angouleme_unesco.jpg\",\"width\":2079,\"height\":1060,\"caption\":\"Mairie d'Angoul\u00eame\"},\"image\":{\"@id\":\"https:\/\/creativebd-angouleme.inovawork.net\/#logo\"}},{\"@type\":\"WebSite\",\"@id\":\"https:\/\/creativebd-angouleme.inovawork.net\/#website\",\"url\":\"https:\/\/creativebd-angouleme.inovawork.net\/\",\"name\":\"Angoul\u00eame Ville Cr\u00e9ative\",\"description\":\"Angoul\u00eame Ville Cr\u00e9ative de l&#039;UNESCO\",\"publisher\":{\"@id\":\"https:\/\/creativebd-angouleme.inovawork.net\/#organization\"},\"potentialAction\":[{\"@type\":\"SearchAction\",\"target\":{\"@type\":\"EntryPoint\",\"urlTemplate\":\"https:\/\/creativebd-angouleme.inovawork.net\/?s={search_term_string}\"},\"query-input\":\"required name=search_term_string\"}],\"inLanguage\":\"en-US\"},{\"@type\":\"ImageObject\",\"@id\":\"https:\/\/creativebd-angouleme.inovawork.net\/en\/news\/angouleme-candidate-for-the-unesco-creative-cities-network\/#primaryimage\",\"inLanguage\":\"en-US\",\"url\":\"https:\/\/creativebd-angouleme.inovawork.net\/wp-content\/uploads\/2019\/05\/mus\u00e9e-civilisation-qu\u00e9bec-e1557989741178.jpg\",\"contentUrl\":\"https:\/\/creativebd-angouleme.inovawork.net\/wp-content\/uploads\/2019\/05\/mus\u00e9e-civilisation-qu\u00e9bec-e1557989741178.jpg\",\"width\":2000,\"height\":1125,\"caption\":\"Co-productions and exchange of exhibitions will be possible here with the Mus\u00e9e de la Civilization de Qu\u00e9bec\"},{\"@type\":\"WebPage\",\"@id\":\"https:\/\/creativebd-angouleme.inovawork.net\/en\/news\/angouleme-candidate-for-the-unesco-creative-cities-network\/#webpage\",\"url\":\"https:\/\/creativebd-angouleme.inovawork.net\/en\/news\/angouleme-candidate-for-the-unesco-creative-cities-network\/\",\"name\":\"Angoul\u00eame Ville Cr\u00e9ative\",\"isPartOf\":{\"@id\":\"https:\/\/creativebd-angouleme.inovawork.net\/#website\"},\"primaryImageOfPage\":{\"@id\":\"https:\/\/creativebd-angouleme.inovawork.net\/en\/news\/angouleme-candidate-for-the-unesco-creative-cities-network\/#primaryimage\"},\"datePublished\":\"2019-05-15T13:51:33+00:00\",\"dateModified\":\"2021-03-16T13:40:04+00:00\",\"description\":\"Angoul\u00eame, candidate for the UNESCO creative cities network!\",\"breadcrumb\":{\"@id\":\"https:\/\/creativebd-angouleme.inovawork.net\/en\/news\/angouleme-candidate-for-the-unesco-creative-cities-network\/#breadcrumb\"},\"inLanguage\":\"en-US\",\"potentialAction\":[{\"@type\":\"ReadAction\",\"target\":[\"https:\/\/creativebd-angouleme.inovawork.net\/en\/news\/angouleme-candidate-for-the-unesco-creative-cities-network\/\"]}]},{\"@type\":\"BreadcrumbList\",\"@id\":\"https:\/\/creativebd-angouleme.inovawork.net\/en\/news\/angouleme-candidate-for-the-unesco-creative-cities-network\/#breadcrumb\",\"itemListElement\":[{\"@type\":\"ListItem\",\"position\":1,\"name\":\"Accueil\",\"item\":\"https:\/\/creativebd-angouleme.inovawork.net\/en\/\"},{\"@type\":\"ListItem\",\"position\":2,\"name\":\"Actualit\u00e9s\",\"item\":\"https:\/\/creativebd-angouleme.inovawork.net\/category\/actualites\/\"},{\"@type\":\"ListItem\",\"position\":3,\"name\":\"Angoul\u00eame, candidate for the UNESCO creative cities network!\"}]},{\"@type\":\"Article\",\"@id\":\"https:\/\/creativebd-angouleme.inovawork.net\/en\/news\/angouleme-candidate-for-the-unesco-creative-cities-network\/#article\",\"isPartOf\":{\"@id\":\"https:\/\/creativebd-angouleme.inovawork.net\/en\/news\/angouleme-candidate-for-the-unesco-creative-cities-network\/#webpage\"},\"author\":{\"@id\":\"https:\/\/creativebd-angouleme.inovawork.net\/#\/schema\/person\/933894bc6112f5dcee6370086c61ba6a\"},\"headline\":\"Angoul\u00eame, candidate for the UNESCO creative cities network!\",\"datePublished\":\"2019-05-15T13:51:33+00:00\",\"dateModified\":\"2021-03-16T13:40:04+00:00\",\"mainEntityOfPage\":{\"@id\":\"https:\/\/creativebd-angouleme.inovawork.net\/en\/news\/angouleme-candidate-for-the-unesco-creative-cities-network\/#webpage\"},\"wordCount\":309,\"commentCount\":0,\"publisher\":{\"@id\":\"https:\/\/creativebd-angouleme.inovawork.net\/#organization\"},\"image\":{\"@id\":\"https:\/\/creativebd-angouleme.inovawork.net\/en\/news\/angouleme-candidate-for-the-unesco-creative-cities-network\/#primaryimage\"},\"thumbnailUrl\":\"https:\/\/creativebd-angouleme.inovawork.net\/wp-content\/uploads\/2019\/05\/mus\u00e9e-civilisation-qu\u00e9bec-e1557989741178.jpg\",\"articleSection\":[\"News\"],\"inLanguage\":\"en-US\",\"potentialAction\":[{\"@type\":\"CommentAction\",\"name\":\"Comment\",\"target\":[\"https:\/\/creativebd-angouleme.inovawork.net\/en\/news\/angouleme-candidate-for-the-unesco-creative-cities-network\/#respond\"]}]},{\"@type\":\"Person\",\"@id\":\"https:\/\/creativebd-angouleme.inovawork.net\/#\/schema\/person\/933894bc6112f5dcee6370086c61ba6a\",\"name\":\"aLx\",\"image\":{\"@type\":\"ImageObject\",\"@id\":\"https:\/\/creativebd-angouleme.inovawork.net\/#personlogo\",\"inLanguage\":\"en-US\",\"url\":\"https:\/\/secure.gravatar.com\/avatar\/1faa0fd19e5696743ff06dc9224fbb05?s=96&d=mm&r=g\",\"contentUrl\":\"https:\/\/secure.gravatar.com\/avatar\/1faa0fd19e5696743ff06dc9224fbb05?s=96&d=mm&r=g\",\"caption\":\"aLx\"},\"url\":\"https:\/\/creativebd-angouleme.inovawork.net\/en\/author\/alx\/\"}]}<\/script>\n<!-- \/ Yoast SEO plugin. -->","yoast_head_json":{"title":"Angoul\u00eame Ville Cr\u00e9ative","description":"Angoul\u00eame, candidate for the UNESCO creative cities network!","robots":{"index":"noindex","follow":"follow","max-snippet":"max-snippet:-1","max-image-preview":"max-image-preview:large","max-video-preview":"max-video-preview:-1"},"og_locale":"en_US","og_type":"article","og_title":"Angoul\u00eame Ville Cr\u00e9ative","og_description":"Angoul\u00eame, candidate for the UNESCO creative cities network!","og_url":"https:\/\/creativebd-angouleme.inovawork.net\/en\/news\/angouleme-candidate-for-the-unesco-creative-cities-network\/","og_site_name":"Angoul\u00eame Ville Cr\u00e9ative","article_published_time":"2019-05-15T13:51:33+00:00","article_modified_time":"2021-03-16T13:40:04+00:00","og_image":[{"width":2000,"height":1125,"url":"https:\/\/creativebd-angouleme.inovawork.net\/wp-content\/uploads\/2019\/05\/mus\u00e9e-civilisation-qu\u00e9bec-e1557989741178.jpg","type":"image\/jpeg"}],"twitter_card":"summary_large_image","twitter_misc":{"Written by":"aLx","Est. reading time":"2 minutes"},"schema":{"@context":"https:\/\/schema.org","@graph":[{"@type":"Organization","@id":"https:\/\/creativebd-angouleme.inovawork.net\/#organization","name":"Mairie d'Angoul\u00eame","url":"https:\/\/creativebd-angouleme.inovawork.net\/","sameAs":[],"logo":{"@type":"ImageObject","@id":"https:\/\/creativebd-angouleme.inovawork.net\/#logo","inLanguage":"en-US","url":"https:\/\/creativebd-angouleme.inovawork.net\/wp-content\/uploads\/2019\/12\/logo_angouleme_unesco.jpg","contentUrl":"https:\/\/creativebd-angouleme.inovawork.net\/wp-content\/uploads\/2019\/12\/logo_angouleme_unesco.jpg","width":2079,"height":1060,"caption":"Mairie d'Angoul\u00eame"},"image":{"@id":"https:\/\/creativebd-angouleme.inovawork.net\/#logo"}},{"@type":"WebSite","@id":"https:\/\/creativebd-angouleme.inovawork.net\/#website","url":"https:\/\/creativebd-angouleme.inovawork.net\/","name":"Angoul\u00eame Ville Cr\u00e9ative","description":"Angoul\u00eame Ville Cr\u00e9ative de l&#039;UNESCO","publisher":{"@id":"https:\/\/creativebd-angouleme.inovawork.net\/#organization"},"potentialAction":[{"@type":"SearchAction","target":{"@type":"EntryPoint","urlTemplate":"https:\/\/creativebd-angouleme.inovawork.net\/?s={search_term_string}"},"query-input":"required name=search_term_string"}],"inLanguage":"en-US"},{"@type":"ImageObject","@id":"https:\/\/creativebd-angouleme.inovawork.net\/en\/news\/angouleme-candidate-for-the-unesco-creative-cities-network\/#primaryimage","inLanguage":"en-US","url":"https:\/\/creativebd-angouleme.inovawork.net\/wp-content\/uploads\/2019\/05\/mus\u00e9e-civilisation-qu\u00e9bec-e1557989741178.jpg","contentUrl":"https:\/\/creativebd-angouleme.inovawork.net\/wp-content\/uploads\/2019\/05\/mus\u00e9e-civilisation-qu\u00e9bec-e1557989741178.jpg","width":2000,"height":1125,"caption":"Co-productions and exchange of exhibitions will be possible here with the Mus\u00e9e de la Civilization de Qu\u00e9bec"},{"@type":"WebPage","@id":"https:\/\/creativebd-angouleme.inovawork.net\/en\/news\/angouleme-candidate-for-the-unesco-creative-cities-network\/#webpage","url":"https:\/\/creativebd-angouleme.inovawork.net\/en\/news\/angouleme-candidate-for-the-unesco-creative-cities-network\/","name":"Angoul\u00eame Ville Cr\u00e9ative","isPartOf":{"@id":"https:\/\/creativebd-angouleme.inovawork.net\/#website"},"primaryImageOfPage":{"@id":"https:\/\/creativebd-angouleme.inovawork.net\/en\/news\/angouleme-candidate-for-the-unesco-creative-cities-network\/#primaryimage"},"datePublished":"2019-05-15T13:51:33+00:00","dateModified":"2021-03-16T13:40:04+00:00","description":"Angoul\u00eame, candidate for the UNESCO creative cities network!","breadcrumb":{"@id":"https:\/\/creativebd-angouleme.inovawork.net\/en\/news\/angouleme-candidate-for-the-unesco-creative-cities-network\/#breadcrumb"},"inLanguage":"en-US","potentialAction":[{"@type":"ReadAction","target":["https:\/\/creativebd-angouleme.inovawork.net\/en\/news\/angouleme-candidate-for-the-unesco-creative-cities-network\/"]}]},{"@type":"BreadcrumbList","@id":"https:\/\/creativebd-angouleme.inovawork.net\/en\/news\/angouleme-candidate-for-the-unesco-creative-cities-network\/#breadcrumb","itemListElement":[{"@type":"ListItem","position":1,"name":"Accueil","item":"https:\/\/creativebd-angouleme.inovawork.net\/en\/"},{"@type":"ListItem","position":2,"name":"Actualit\u00e9s","item":"https:\/\/creativebd-angouleme.inovawork.net\/category\/actualites\/"},{"@type":"ListItem","position":3,"name":"Angoul\u00eame, candidate for the UNESCO creative cities network!"}]},{"@type":"Article","@id":"https:\/\/creativebd-angouleme.inovawork.net\/en\/news\/angouleme-candidate-for-the-unesco-creative-cities-network\/#article","isPartOf":{"@id":"https:\/\/creativebd-angouleme.inovawork.net\/en\/news\/angouleme-candidate-for-the-unesco-creative-cities-network\/#webpage"},"author":{"@id":"https:\/\/creativebd-angouleme.inovawork.net\/#\/schema\/person\/933894bc6112f5dcee6370086c61ba6a"},"headline":"Angoul\u00eame, candidate for the UNESCO creative cities network!","datePublished":"2019-05-15T13:51:33+00:00","dateModified":"2021-03-16T13:40:04+00:00","mainEntityOfPage":{"@id":"https:\/\/creativebd-angouleme.inovawork.net\/en\/news\/angouleme-candidate-for-the-unesco-creative-cities-network\/#webpage"},"wordCount":309,"commentCount":0,"publisher":{"@id":"https:\/\/creativebd-angouleme.inovawork.net\/#organization"},"image":{"@id":"https:\/\/creativebd-angouleme.inovawork.net\/en\/news\/angouleme-candidate-for-the-unesco-creative-cities-network\/#primaryimage"},"thumbnailUrl":"https:\/\/creativebd-angouleme.inovawork.net\/wp-content\/uploads\/2019\/05\/mus\u00e9e-civilisation-qu\u00e9bec-e1557989741178.jpg","articleSection":["News"],"inLanguage":"en-US","potentialAction":[{"@type":"CommentAction","name":"Comment","target":["https:\/\/creativebd-angouleme.inovawork.net\/en\/news\/angouleme-candidate-for-the-unesco-creative-cities-network\/#respond"]}]},{"@type":"Person","@id":"https:\/\/creativebd-angouleme.inovawork.net\/#\/schema\/person\/933894bc6112f5dcee6370086c61ba6a","name":"aLx","image":{"@type":"ImageObject","@id":"https:\/\/creativebd-angouleme.inovawork.net\/#personlogo","inLanguage":"en-US","url":"https:\/\/secure.gravatar.com\/avatar\/1faa0fd19e5696743ff06dc9224fbb05?s=96&d=mm&r=g","contentUrl":"https:\/\/secure.gravatar.com\/avatar\/1faa0fd19e5696743ff06dc9224fbb05?s=96&d=mm&r=g","caption":"aLx"},"url":"https:\/\/creativebd-angouleme.inovawork.net\/en\/author\/alx\/"}]}},"_links":{"self":[{"href":"https:\/\/creativebd-angouleme.inovawork.net\/en\/wp-json\/wp\/v2\/posts\/79237"}],"collection":[{"href":"https:\/\/creativebd-angouleme.inovawork.net\/en\/wp-json\/wp\/v2\/posts"}],"about":[{"href":"https:\/\/creativebd-angouleme.inovawork.net\/en\/wp-json\/wp\/v2\/types\/post"}],"author":[{"embeddable":true,"href":"https:\/\/creativebd-angouleme.inovawork.net\/en\/wp-json\/wp\/v2\/users\/2"}],"replies":[{"embeddable":true,"href":"https:\/\/creativebd-angouleme.inovawork.net\/en\/wp-json\/wp\/v2\/comments?post=79237"}],"version-history":[{"count":11,"href":"https:\/\/creativebd-angouleme.inovawork.net\/en\/wp-json\/wp\/v2\/posts\/79237\/revisions"}],"predecessor-version":[{"id":80245,"href":"https:\/\/creativebd-angouleme.inovawork.net\/en\/wp-json\/wp\/v2\/posts\/79237\/revisions\/80245"}],"wp:featuredmedia":[{"embeddable":true,"href":"https:\/\/creativebd-angouleme.inovawork.net\/en\/wp-json\/wp\/v2\/media\/79207"}],"wp:attachment":[{"href":"https:\/\/creativebd-angouleme.inovawork.net\/en\/wp-json\/wp\/v2\/media?parent=79237"}],"wp:term":[{"taxonomy":"category","embeddable":true,"href":"https:\/\/creativebd-angouleme.inovawork.net\/en\/wp-json\/wp\/v2\/categories?post=79237"},{"taxonomy":"post_tag","embeddable":true,"href":"https:\/\/creativebd-angouleme.inovawork.net\/en\/wp-json\/wp\/v2\/tags?post=79237"}],"curies":[{"name":"wp","href":"https:\/\/api.w.org\/{rel}","templated":true}]}}